{"id":1001,"date":"2019-03-13T09:46:47","date_gmt":"2019-03-13T12:46:47","guid":{"rendered":"http:\/\/oasisfm935.com\/site\/?p=1001"},"modified":"2019-03-14T12:36:39","modified_gmt":"2019-03-14T15:36:39","slug":"ingeniero-luiggi-apertura-del-periodo-de-sesiones-ordinarias","status":"publish","type":"post","link":"https:\/\/oasisfm935.com.ar\/site\/ingeniero-luiggi-apertura-del-periodo-de-sesiones-ordinarias\/","title":{"rendered":"Anuncian la inauguraci\u00f3n del per\u00edodo de sesiones ordinarias en el Concejo Deliberante"},"content":{"rendered":"<p><em>El pr\u00f3ximo Jueves 14 de marzo, el intendente municipal Oscar Zanoli , realizar\u00e1 su ultimo discurso de apertura en el marco del inicio del per\u00edodo legislativo 2019 del Honorable Concejo Deliberante de Ingeniero Luiggi\u00a0 .<\/em><\/p>\n<p><a href=\"http:\/\/oasisfm935.com\/site\/wp-content\/uploads\/2019\/03\/53630596_2177806942302793_7227765858439790592_n.png\"><img loading=\"lazy\" decoding=\"async\" class=\"alignnone size-full wp-image-1000\" src=\"http:\/\/oasisfm935.com\/site\/wp-content\/uploads\/2019\/03\/53630596_2177806942302793_7227765858439790592_n.png\" alt=\"\" width=\"638\" height=\"481\" srcset=\"https:\/\/oasisfm935.com.ar\/site\/wp-content\/uploads\/2019\/03\/53630596_2177806942302793_7227765858439790592_n.png 638w, https:\/\/oasisfm935.com.ar\/site\/wp-content\/uploads\/2019\/03\/53630596_2177806942302793_7227765858439790592_n-300x226.png 300w, https:\/\/oasisfm935.com.ar\/site\/wp-content\/uploads\/2019\/03\/53630596_2177806942302793_7227765858439790592_n-326x245.png 326w, https:\/\/oasisfm935.com.ar\/site\/wp-content\/uploads\/2019\/03\/53630596_2177806942302793_7227765858439790592_n-80x60.png 80w\" sizes=\"auto, (max-width: 638px) 100vw, 638px\" \/><\/a><\/p>\n<div class=\"oasis-despues-del-contenido\" id=\"oasis-1410684711\"><img loading=\"lazy\" decoding=\"async\" src=\"https:\/\/oasisfm935.com.ar\/site\/wp-content\/uploads\/2020\/08\/47806202-8741-49f2-a5c9-d2f930e5baa1.jpg\" alt=\"\"  srcset=\"https:\/\/oasisfm935.com.ar\/site\/wp-content\/uploads\/2020\/08\/47806202-8741-49f2-a5c9-d2f930e5baa1.jpg 1080w, https:\/\/oasisfm935.com.ar\/site\/wp-content\/uploads\/2020\/08\/47806202-8741-49f2-a5c9-d2f930e5baa1-300x300.jpg 300w, https:\/\/oasisfm935.com.ar\/site\/wp-content\/uploads\/2020\/08\/47806202-8741-49f2-a5c9-d2f930e5baa1-1024x1024.jpg 1024w, https:\/\/oasisfm935.com.ar\/site\/wp-content\/uploads\/2020\/08\/47806202-8741-49f2-a5c9-d2f930e5baa1-150x150.jpg 150w, https:\/\/oasisfm935.com.ar\/site\/wp-content\/uploads\/2020\/08\/47806202-8741-49f2-a5c9-d2f930e5baa1-768x768.jpg 768w\" sizes=\"(max-width: 1080px) 100vw, 1080px\" class=\"no-lazyload\" width=\"1080\" height=\"1080\"  style=\"display: inline-block;\" \/><\/div>","protected":false},"excerpt":{"rendered":"<p>El pr\u00f3ximo Jueves 14 de marzo, el intendente municipal Oscar Zanoli , realizar\u00e1 su ultimo discurso de apertura en el marco del<\/p>\n","protected":false},"author":4,"featured_media":972,"comment_status":"closed","ping_status":"open","sticky":false,"template":"","format":"standard","meta":{"colormag_page_layout":"default_layout","footnotes":""},"categories":[2],"tags":[],"class_list":["post-1001","post","type-post","status-publish","format-standard","has-post-thumbnail","hentry","category-noticias"],"_links":{"self":[{"href":"https:\/\/oasisfm935.com.ar\/site\/wp-json\/wp\/v2\/posts\/1001","targetHints":{"allow":["GET"]}}],"collection":[{"href":"https:\/\/oasisfm935.com.ar\/site\/wp-json\/wp\/v2\/posts"}],"about":[{"href":"https:\/\/oasisfm935.com.ar\/site\/wp-json\/wp\/v2\/types\/post"}],"author":[{"embeddable":true,"href":"https:\/\/oasisfm935.com.ar\/site\/wp-json\/wp\/v2\/users\/4"}],"replies":[{"embeddable":true,"href":"https:\/\/oasisfm935.com.ar\/site\/wp-json\/wp\/v2\/comments?post=1001"}],"version-history":[{"count":5,"href":"https:\/\/oasisfm935.com.ar\/site\/wp-json\/wp\/v2\/posts\/1001\/revisions"}],"predecessor-version":[{"id":1030,"href":"https:\/\/oasisfm935.com.ar\/site\/wp-json\/wp\/v2\/posts\/1001\/revisions\/1030"}],"wp:featuredmedia":[{"embeddable":true,"href":"https:\/\/oasisfm935.com.ar\/site\/wp-json\/wp\/v2\/media\/972"}],"wp:attachment":[{"href":"https:\/\/oasisfm935.com.ar\/site\/wp-json\/wp\/v2\/media?parent=1001"}],"wp:term":[{"taxonomy":"category","embeddable":true,"href":"https:\/\/oasisfm935.com.ar\/site\/wp-json\/wp\/v2\/categories?post=1001"},{"taxonomy":"post_tag","embeddable":true,"href":"https:\/\/oasisfm935.com.ar\/site\/wp-json\/wp\/v2\/tags?post=1001"}],"curies":[{"name":"wp","href":"https:\/\/api.w.org\/{rel}","templated":true}]}}