{"id":1006,"date":"2019-03-13T10:07:06","date_gmt":"2019-03-13T13:07:06","guid":{"rendered":"http:\/\/oasisfm935.com\/site\/?p=1006"},"modified":"2019-03-13T10:07:06","modified_gmt":"2019-03-13T13:07:06","slug":"docentes-aceptaron-oferta-de-aumento-del-16-con-clausula-gatillo","status":"publish","type":"post","link":"https:\/\/oasisfm935.com.ar\/site\/docentes-aceptaron-oferta-de-aumento-del-16-con-clausula-gatillo\/","title":{"rendered":"Docentes aceptaron oferta de aumento del 16% con cl\u00e1usula gatillo"},"content":{"rendered":"<p>Los docentes de la\u00a0<strong>Uni\u00f3n Trabajadores de la Educaci\u00f3n de La Pampa (Utelpa)<\/strong>\u00a0aceptaron este mi\u00e9rcoles uno de los dos ofrecimientos salariales que hizo Casa de Gobierno: el\u00a0<strong>10% retroactivo a febrero y otro del 6% en mayo, con cl\u00e1usula gatillo<\/strong>.<\/p>\n<p>La otra oferta, que desestimaron, consist\u00eda en una cl\u00e1usula gatillo bimestral hasta mitad de a\u00f1o, de acuerdo a la inflaci\u00f3n que difunda el Instituto Nacional de Estad\u00edsticas y Censos (Indec).<\/p>\n<p>La decisi\u00f3n\u00a0 la tomaron en un plenario que culmin\u00f3, en Santa Rosa, a las 9.30 horas. A las 10 horas, llevar\u00e1n su respuesta a la reuni\u00f3n paritaria con autoridades del Gobierno.<\/p>\n<p>&nbsp;<\/p>\n<p>Diario Textual<\/p>\n<div class=\"oasis-despues-del-contenido\" id=\"oasis-108660861\"><img loading=\"lazy\" decoding=\"async\" src=\"https:\/\/oasisfm935.com.ar\/site\/wp-content\/uploads\/2020\/08\/47806202-8741-49f2-a5c9-d2f930e5baa1.jpg\" alt=\"\"  srcset=\"https:\/\/oasisfm935.com.ar\/site\/wp-content\/uploads\/2020\/08\/47806202-8741-49f2-a5c9-d2f930e5baa1.jpg 1080w, https:\/\/oasisfm935.com.ar\/site\/wp-content\/uploads\/2020\/08\/47806202-8741-49f2-a5c9-d2f930e5baa1-300x300.jpg 300w, https:\/\/oasisfm935.com.ar\/site\/wp-content\/uploads\/2020\/08\/47806202-8741-49f2-a5c9-d2f930e5baa1-1024x1024.jpg 1024w, https:\/\/oasisfm935.com.ar\/site\/wp-content\/uploads\/2020\/08\/47806202-8741-49f2-a5c9-d2f930e5baa1-150x150.jpg 150w, https:\/\/oasisfm935.com.ar\/site\/wp-content\/uploads\/2020\/08\/47806202-8741-49f2-a5c9-d2f930e5baa1-768x768.jpg 768w\" sizes=\"(max-width: 1080px) 100vw, 1080px\" class=\"no-lazyload\" width=\"1080\" height=\"1080\"  style=\"display: inline-block;\" \/><\/div>","protected":false},"excerpt":{"rendered":"<p>Los docentes de la\u00a0Uni\u00f3n Trabajadores de la Educaci\u00f3n de La Pampa (Utelpa)\u00a0aceptaron este mi\u00e9rcoles uno de los dos ofrecimientos salariales que hizo<\/p>\n","protected":false},"author":4,"featured_media":1007,"comment_status":"closed","ping_status":"open","sticky":false,"template":"","format":"standard","meta":{"colormag_page_layout":"default_layout","footnotes":""},"categories":[2],"tags":[],"class_list":["post-1006","post","type-post","status-publish","format-standard","has-post-thumbnail","hentry","category-noticias"],"_links":{"self":[{"href":"https:\/\/oasisfm935.com.ar\/site\/wp-json\/wp\/v2\/posts\/1006","targetHints":{"allow":["GET"]}}],"collection":[{"href":"https:\/\/oasisfm935.com.ar\/site\/wp-json\/wp\/v2\/posts"}],"about":[{"href":"https:\/\/oasisfm935.com.ar\/site\/wp-json\/wp\/v2\/types\/post"}],"author":[{"embeddable":true,"href":"https:\/\/oasisfm935.com.ar\/site\/wp-json\/wp\/v2\/users\/4"}],"replies":[{"embeddable":true,"href":"https:\/\/oasisfm935.com.ar\/site\/wp-json\/wp\/v2\/comments?post=1006"}],"version-history":[{"count":1,"href":"https:\/\/oasisfm935.com.ar\/site\/wp-json\/wp\/v2\/posts\/1006\/revisions"}],"predecessor-version":[{"id":1008,"href":"https:\/\/oasisfm935.com.ar\/site\/wp-json\/wp\/v2\/posts\/1006\/revisions\/1008"}],"wp:featuredmedia":[{"embeddable":true,"href":"https:\/\/oasisfm935.com.ar\/site\/wp-json\/wp\/v2\/media\/1007"}],"wp:attachment":[{"href":"https:\/\/oasisfm935.com.ar\/site\/wp-json\/wp\/v2\/media?parent=1006"}],"wp:term":[{"taxonomy":"category","embeddable":true,"href":"https:\/\/oasisfm935.com.ar\/site\/wp-json\/wp\/v2\/categories?post=1006"},{"taxonomy":"post_tag","embeddable":true,"href":"https:\/\/oasisfm935.com.ar\/site\/wp-json\/wp\/v2\/tags?post=1006"}],"curies":[{"name":"wp","href":"https:\/\/api.w.org\/{rel}","templated":true}]}}