{"id":1009,"date":"2019-03-13T11:01:18","date_gmt":"2019-03-13T14:01:18","guid":{"rendered":"http:\/\/oasisfm935.com\/site\/?p=1009"},"modified":"2019-03-13T11:01:18","modified_gmt":"2019-03-13T14:01:18","slug":"nuevo-parte-medico-de-sergio-denis-sigue-en-estado-critico-con-minimas-mejorias","status":"publish","type":"post","link":"https:\/\/oasisfm935.com.ar\/site\/nuevo-parte-medico-de-sergio-denis-sigue-en-estado-critico-con-minimas-mejorias\/","title":{"rendered":"Nuevo parte m\u00e9dico de Sergio Denis: \u00abSigue en estado cr\u00edtico con m\u00ednimas mejor\u00edas\u00bb"},"content":{"rendered":"<p>Olga Fern\u00e1ndez, directora del Hospital \u00c1ngel C. Padilla de San Miguel de Tucum\u00e1n, se refiri\u00f3 este martes por la tarde a la evoluci\u00f3n del cantante que fue hospitalizado tras haberse ca\u00eddo del escenario a una fosa de tres metros<\/p>\n<div class=\"row pb-content-type-text\">\n<div class=\"col-xs-12 col-print-12\">\n<p class=\"element element-paragraph\">Este martes\u00a0por la tarde el Hospital \u00c1ngel C. Padilla de Tucum\u00e1n brind\u00f3 un nuevo parte m\u00e9dico sobre la salud de Sergio Denis, que ingres\u00f3 el lunes por la noche tras haberse ca\u00eddo del escenario a una fosa de casi tres metros durante un show.<\/p>\n<\/div>\n<\/div>\n<div class=\"row pb-content-type-text\">\n<div class=\"col-xs-12 col-print-12\">\n<p class=\"element element-paragraph\">Seg\u00fan indic\u00f3 la directora del instituto, Olga Fern\u00e1ndez, el cantante\u00a0<strong>\u00abmantiene su estado cr\u00edtico\u00a0y con pron\u00f3stico reservado\u00bb<\/strong>. Adem\u00e1s, asegur\u00f3 que si bien evolucion\u00f3 respecto al traumatismo, se encuentra bajo sedaci\u00f3n y asistencia respiratoria mec\u00e1nica, con buen ritmo diur\u00e9tico.<\/p>\n<\/div>\n<\/div>\n<div class=\"row pb-content-type-text\">\n<div class=\"col-xs-12 col-print-12\">\n<p class=\"element element-paragraph\">Por su parte, destac\u00f3 que \u00abcontin\u00faa con monitoreo multimodal manteniendo valores normales de presi\u00f3n intracraneana (PIC) sin presentar nuevos hallazgos\u00bb, explic\u00f3.<\/p>\n<\/div>\n<\/div>\n<div class=\"row pb-content-type-text\">\n<div id=\"\" class=\"wrapper clearfix pb-feature pb-layout-item pb-f-ads-dfp\">\n<div id=\"inline\" class=\"ad-slot\">\n<div id=\"inline_ad\" data-google-query-id=\"CPHKmI6j_-ACFRMdaQodNC4IeQ\">\n<div id=\"google_ads_iframe_\/1058609\/infobae\/teleshow\/paso_en_la_tv\/nota\/inline_0__container__\"><\/div>\n<\/div>\n<\/div>\n<\/div>\n<div class=\"col-xs-12 col-print-12\">\n<p class=\"element element-paragraph\"><strong>El parte m\u00e9dico oficial<\/strong><\/p>\n<\/div>\n<\/div>\n<div class=\"row pb-content-type-text\">\n<div class=\"col-xs-12 col-print-12\">\n<p class=\"element element-paragraph\">La direcci\u00f3n del Hospital Padilla informa que el paciente H\u00e9ctor Omar Hoffmann contin\u00faa en estado cr\u00edtico y pron\u00f3stico reservado, con sost\u00e9n hemodin\u00e1mico farmacol\u00f3gico. Se encuentra bajo sedaci\u00f3n y asistencia respiratoria mec\u00e1nica, con buen ritmo diur\u00e9tico.<\/p>\n<\/div>\n<\/div>\n<div class=\"row pb-content-type-text\">\n<div class=\"col-xs-12 col-print-12\">\n<p class=\"element element-paragraph\">En el d\u00eda de la fecha, se realiz\u00f3 doppler transcraneal en la cual se constata perfusi\u00f3n cerebral conservada, contin\u00faa con monitoreo multimodal manteniendo valores normales de presi\u00f3n intracraneana (PIC) sin presentar nuevos hallazgos.<\/p>\n<\/div>\n<\/div>\n<div class=\"row pb-content-type-text\">\n<div class=\"col-xs-12 col-print-12\">\n<p class=\"element element-paragraph\">Se inform\u00f3 estado de situaci\u00f3n actual del paciente a sus familiares directos.<\/p>\n<\/div>\n<\/div>\n<div class=\"row pb-content-type-text\">\n<div class=\"col-xs-12 col-print-12\">\n<p class=\"element element-paragraph\">El pr\u00f3ximo parte m\u00e9dico ser\u00e1 emitido en el d\u00eda de ma\u00f1ana a horas 11:00.<\/p>\n<div class=\"row pb-content-type-text\">\n<div class=\"col-xs-12 col-print-12\">\n<p class=\"element element-paragraph\">Sergio Denis permanece internado desde el lunes por la noche despu\u00e9s de haberse ca\u00eddo durante un show privado que daba en Tucum\u00e1n. El cantante se cay\u00f3 desde el escenario a una fosa de casi tres metros cuando interpretaba\u00a0<strong>\u00abTe llamo para despedirme\u00bb<\/strong>\u00a0en el Teatro Mercedes Sosa.<\/p>\n<\/div>\n<\/div>\n<div class=\"row pb-content-type-text\">\n<div class=\"col-xs-12 col-print-12\">\n<p class=\"element element-paragraph\">El artista de 69 a\u00f1os fue trasladado de urgencia en ambulancia al Hospital P\u00fablico \u00c1ngel C. Padilla, donde permanece internado en grave estado. La directora del Hospital, Olga Fern\u00e1ndez, explic\u00f3 que el cantante presenta \u00abhematomas cerebrales, m\u00faltiples contusiones, una hemorragia, un importante edema cerebral, una fractura del hueso temporal en la cabeza y una fractura al nivel de la clav\u00edcula y el om\u00f3plato\u00bb.<\/p>\n<\/div>\n<\/div>\n<div class=\"row pb-content-type-text\">\n<div class=\"col-xs-12 col-print-12\">\n<p class=\"element element-paragraph\">Seg\u00fan pudo saber\u00a0<strong>Infobae<\/strong>, a las 22:30 ingres\u00f3 al quir\u00f3fano. \u00abPero no pudieron avanzar\u00bb, aclar\u00f3 su hermana, y agreg\u00f3 que el m\u00fasico \u00abest\u00e1 anticoagulado desde que le pas\u00f3 lo de Paraguay\u00bb. En aquel entonces, el cantante sufri\u00f3 un paro card\u00edaco y estuvo durante 17 minutos sin signos vitales.<\/p>\n<\/div>\n<\/div>\n<\/div>\n<\/div>\n<div class=\"oasis-despues-del-contenido\" id=\"oasis-853365228\"><img loading=\"lazy\" decoding=\"async\" src=\"https:\/\/oasisfm935.com.ar\/site\/wp-content\/uploads\/2020\/08\/47806202-8741-49f2-a5c9-d2f930e5baa1.jpg\" alt=\"\"  srcset=\"https:\/\/oasisfm935.com.ar\/site\/wp-content\/uploads\/2020\/08\/47806202-8741-49f2-a5c9-d2f930e5baa1.jpg 1080w, https:\/\/oasisfm935.com.ar\/site\/wp-content\/uploads\/2020\/08\/47806202-8741-49f2-a5c9-d2f930e5baa1-300x300.jpg 300w, https:\/\/oasisfm935.com.ar\/site\/wp-content\/uploads\/2020\/08\/47806202-8741-49f2-a5c9-d2f930e5baa1-1024x1024.jpg 1024w, https:\/\/oasisfm935.com.ar\/site\/wp-content\/uploads\/2020\/08\/47806202-8741-49f2-a5c9-d2f930e5baa1-150x150.jpg 150w, https:\/\/oasisfm935.com.ar\/site\/wp-content\/uploads\/2020\/08\/47806202-8741-49f2-a5c9-d2f930e5baa1-768x768.jpg 768w\" sizes=\"(max-width: 1080px) 100vw, 1080px\" class=\"no-lazyload\" width=\"1080\" height=\"1080\"  style=\"display: inline-block;\" \/><\/div>","protected":false},"excerpt":{"rendered":"<p>Olga Fern\u00e1ndez, directora del Hospital \u00c1ngel C. Padilla de San Miguel de Tucum\u00e1n, se refiri\u00f3 este martes por la tarde a la<\/p>\n","protected":false},"author":4,"featured_media":1010,"comment_status":"closed","ping_status":"open","sticky":false,"template":"","format":"standard","meta":{"colormag_page_layout":"default_layout","footnotes":""},"categories":[2],"tags":[],"class_list":["post-1009","post","type-post","status-publish","format-standard","has-post-thumbnail","hentry","category-noticias"],"_links":{"self":[{"href":"https:\/\/oasisfm935.com.ar\/site\/wp-json\/wp\/v2\/posts\/1009","targetHints":{"allow":["GET"]}}],"collection":[{"href":"https:\/\/oasisfm935.com.ar\/site\/wp-json\/wp\/v2\/posts"}],"about":[{"href":"https:\/\/oasisfm935.com.ar\/site\/wp-json\/wp\/v2\/types\/post"}],"author":[{"embeddable":true,"href":"https:\/\/oasisfm935.com.ar\/site\/wp-json\/wp\/v2\/users\/4"}],"replies":[{"embeddable":true,"href":"https:\/\/oasisfm935.com.ar\/site\/wp-json\/wp\/v2\/comments?post=1009"}],"version-history":[{"count":1,"href":"https:\/\/oasisfm935.com.ar\/site\/wp-json\/wp\/v2\/posts\/1009\/revisions"}],"predecessor-version":[{"id":1011,"href":"https:\/\/oasisfm935.com.ar\/site\/wp-json\/wp\/v2\/posts\/1009\/revisions\/1011"}],"wp:featuredmedia":[{"embeddable":true,"href":"https:\/\/oasisfm935.com.ar\/site\/wp-json\/wp\/v2\/media\/1010"}],"wp:attachment":[{"href":"https:\/\/oasisfm935.com.ar\/site\/wp-json\/wp\/v2\/media?parent=1009"}],"wp:term":[{"taxonomy":"category","embeddable":true,"href":"https:\/\/oasisfm935.com.ar\/site\/wp-json\/wp\/v2\/categories?post=1009"},{"taxonomy":"post_tag","embeddable":true,"href":"https:\/\/oasisfm935.com.ar\/site\/wp-json\/wp\/v2\/tags?post=1009"}],"curies":[{"name":"wp","href":"https:\/\/api.w.org\/{rel}","templated":true}]}}