{"id":1012,"date":"2019-03-13T16:38:41","date_gmt":"2019-03-13T19:38:41","guid":{"rendered":"http:\/\/oasisfm935.com\/site\/?p=1012"},"modified":"2019-03-13T16:39:33","modified_gmt":"2019-03-13T19:39:33","slug":"se-cayeron-en-todo-el-mundo-facebook-e-instagram","status":"publish","type":"post","link":"https:\/\/oasisfm935.com.ar\/site\/se-cayeron-en-todo-el-mundo-facebook-e-instagram\/","title":{"rendered":"Se cayeron en todo el mundo Facebook e Instagram"},"content":{"rendered":"<p>Las plataformas\u00a0Instagram\u00a0y\u00a0Facebook\u00a0experimentan fallas en todo el mundo. Las p\u00e1ginas no se actualizan y no se puede publicar contenido. Al menos eso reportan cientos de usuarios desde\u00a0Twitter.<\/p>\n<p>En la \u00faltima hora, se reportaron 10.300 quejas de funcionamiento en Facebook y 11.890 en Instagram.<\/p>\n<p>Los problemas en Facebook se encentran en EEUU, Canad\u00e1, M\u00e9xico, Guatemala, El Salvador, Colombia, Per\u00fa, Chile, Argentina, Brasil, Espa\u00f1a, Portugal, Francia, el Reino Unido, Alemania, B\u00e9lgica, Pa\u00edses Bajos, Austria, Polonia, la India, Malasia y Filipinas.<\/p>\n<p>\u201cEstamos al tanto de que algunas personas actualmente tienen problemas para acceder a la familia de aplicaciones de Facebook. Estamos trabajando para resolver el problema lo antes posible\u201d, indicaron desde Facebook.<\/p>\n<div class=\"oasis-despues-del-contenido\" id=\"oasis-123681801\"><img loading=\"lazy\" decoding=\"async\" src=\"https:\/\/oasisfm935.com.ar\/site\/wp-content\/uploads\/2020\/08\/47806202-8741-49f2-a5c9-d2f930e5baa1.jpg\" alt=\"\"  srcset=\"https:\/\/oasisfm935.com.ar\/site\/wp-content\/uploads\/2020\/08\/47806202-8741-49f2-a5c9-d2f930e5baa1.jpg 1080w, https:\/\/oasisfm935.com.ar\/site\/wp-content\/uploads\/2020\/08\/47806202-8741-49f2-a5c9-d2f930e5baa1-300x300.jpg 300w, https:\/\/oasisfm935.com.ar\/site\/wp-content\/uploads\/2020\/08\/47806202-8741-49f2-a5c9-d2f930e5baa1-1024x1024.jpg 1024w, https:\/\/oasisfm935.com.ar\/site\/wp-content\/uploads\/2020\/08\/47806202-8741-49f2-a5c9-d2f930e5baa1-150x150.jpg 150w, https:\/\/oasisfm935.com.ar\/site\/wp-content\/uploads\/2020\/08\/47806202-8741-49f2-a5c9-d2f930e5baa1-768x768.jpg 768w\" sizes=\"(max-width: 1080px) 100vw, 1080px\" class=\"no-lazyload\" width=\"1080\" height=\"1080\"  style=\"display: inline-block;\" \/><\/div>","protected":false},"excerpt":{"rendered":"<p>Las plataformas\u00a0Instagram\u00a0y\u00a0Facebook\u00a0experimentan fallas en todo el mundo. Las p\u00e1ginas no se actualizan y no se puede publicar contenido. Al menos eso reportan<\/p>\n","protected":false},"author":4,"featured_media":1013,"comment_status":"closed","ping_status":"open","sticky":false,"template":"","format":"standard","meta":{"colormag_page_layout":"default_layout","footnotes":""},"categories":[2],"tags":[],"class_list":["post-1012","post","type-post","status-publish","format-standard","has-post-thumbnail","hentry","category-noticias"],"_links":{"self":[{"href":"https:\/\/oasisfm935.com.ar\/site\/wp-json\/wp\/v2\/posts\/1012","targetHints":{"allow":["GET"]}}],"collection":[{"href":"https:\/\/oasisfm935.com.ar\/site\/wp-json\/wp\/v2\/posts"}],"about":[{"href":"https:\/\/oasisfm935.com.ar\/site\/wp-json\/wp\/v2\/types\/post"}],"author":[{"embeddable":true,"href":"https:\/\/oasisfm935.com.ar\/site\/wp-json\/wp\/v2\/users\/4"}],"replies":[{"embeddable":true,"href":"https:\/\/oasisfm935.com.ar\/site\/wp-json\/wp\/v2\/comments?post=1012"}],"version-history":[{"count":1,"href":"https:\/\/oasisfm935.com.ar\/site\/wp-json\/wp\/v2\/posts\/1012\/revisions"}],"predecessor-version":[{"id":1014,"href":"https:\/\/oasisfm935.com.ar\/site\/wp-json\/wp\/v2\/posts\/1012\/revisions\/1014"}],"wp:featuredmedia":[{"embeddable":true,"href":"https:\/\/oasisfm935.com.ar\/site\/wp-json\/wp\/v2\/media\/1013"}],"wp:attachment":[{"href":"https:\/\/oasisfm935.com.ar\/site\/wp-json\/wp\/v2\/media?parent=1012"}],"wp:term":[{"taxonomy":"category","embeddable":true,"href":"https:\/\/oasisfm935.com.ar\/site\/wp-json\/wp\/v2\/categories?post=1012"},{"taxonomy":"post_tag","embeddable":true,"href":"https:\/\/oasisfm935.com.ar\/site\/wp-json\/wp\/v2\/tags?post=1012"}],"curies":[{"name":"wp","href":"https:\/\/api.w.org\/{rel}","templated":true}]}}