{"id":1019,"date":"2019-03-14T08:44:57","date_gmt":"2019-03-14T11:44:57","guid":{"rendered":"http:\/\/oasisfm935.com\/site\/?p=1019"},"modified":"2019-03-14T08:44:57","modified_gmt":"2019-03-14T11:44:57","slug":"advierten-por-desabastecimiento-y-fuerte-suba-de-precios-en-lacteos","status":"publish","type":"post","link":"https:\/\/oasisfm935.com.ar\/site\/advierten-por-desabastecimiento-y-fuerte-suba-de-precios-en-lacteos\/","title":{"rendered":"Advierten por desabastecimiento y fuerte suba de precios en l\u00e1cteos"},"content":{"rendered":"<div class=\"letracopetenota\">Industriales aseguran que \u201chay faltante e incremento de precios\u201d por menor oferta.<\/div>\n<div class=\"letranota text-justify padt15\">\n<p>\u201cEl faltante de productos l\u00e1cteos responde a problemas clim\u00e1ticos en el Litoral del pa\u00eds. Disculpe las molestias ocasionadas\u201d. \u00c9se es el cartel que apareci\u00f3 colgado en g\u00f3ndolas de distintos supermercados de la Ciudad de Buenos Aires durante los \u00faltimos d\u00edas.<\/p>\n<p>En las heladeras de algunas cadenas l\u00edderes, se observan espacios vac\u00edos, que antes eran ocupados por distintos productos, en particular por leche fluida de segundas marcas. O, son las empresas l\u00edderes, quienes acaparan todo el espacio disponible.<\/p>\n<p>Consultado por \u00e1mbito.com, el presidente de Asociaci\u00f3n de Peque\u00f1as y Medianas Empresas L\u00e1cteas (Apymel), Pablo Villano ratific\u00f3 que el desabastecimiento est\u00e1 relacionado con cuestiones clim\u00e1ticas en la Cuenca Lechera (Santa Fe, Provincia de Buenos Aires y C\u00f3rdoba), pero asegur\u00f3 que \u201cen las pr\u00f3ximas semanas estar\u00e1 solucionado\u201d.<\/p>\n<p>\u201cLas inundaciones primero y las elevadas temperaturas despu\u00e9s provocaron una ca\u00edda de m\u00e1s del 30% en la producci\u00f3n de leche, como fue el caso de Santa Fe\u201d, indic\u00f3 y a\u00f1adi\u00f3: \u201cadem\u00e1s, exist\u00edan entregas pendientes de 2018 por ventas en el exterior, que deb\u00edan concretarse\u201d.<\/p>\n<p>Para el directivo \u201cla ca\u00edda del consumo interno (en los primeros meses cay\u00f3 un 10% en comparaci\u00f3n con un a\u00f1o antes), de todas maneras, permiti\u00f3 suavizar el impacto de esa baja en la oferta de productos\u201d. \u201cAlgunas industrias recortaron env\u00edos a los comercios frente a la escasa producci\u00f3n\u201d, complet\u00f3.<\/p>\n<p>Villano asegur\u00f3 que \u201cla situaci\u00f3n se normalizar\u00eda en las pr\u00f3ximas semanas porque mejoraron las condiciones de producci\u00f3n en los tambos, porque definitivamente es un tema estacional\u201d.<\/p>\n<p>En este contexto, el dirigente industrial acus\u00f3 a los comercios de \u201cigualar los precios para arriba\u201d ante el faltante de productos, de tal modo que las segundas y terceras marcas terminan costando lo mismo que las l\u00edderes.<\/p>\n<p>De acuerdo al informe de la Mesa Agroalimentaria del Sector de Econom\u00edas Regionales de CAME de febrero \u00faltimo, la leche de marcas como Ilolay o Milkaut subieron m\u00e1s de un 20% con respecto a enero; mientras que la de una compa\u00f1\u00eda l\u00edder, s\u00f3lo un 1,6%.<\/p>\n<p>Villano, por otra parte, indic\u00f3 que la suba de precios de la leche en polvo a nivel internacional (avanz\u00f3 un 6% en d\u00f3lares en la \u00faltima licitaci\u00f3n de Fonterra y hoy cotiza a u$s 3.100 por tonelada) \u201ctendr\u00eda una incidencia menor\u201d en el problema de desabastecimiento, porque \u201cesa mejora estuvo acompa\u00f1ada por una disminuci\u00f3n de los reintegros a la exportaci\u00f3n y un nuevo arancel en retenciones\u201d.<\/p>\n<p>Con respecto al cierre de tambos, que en 2018 ascendi\u00f3 a 600 establecimientos, se fren\u00f3 debido a la recuperaci\u00f3n del precio de la leche en polvo en estos \u00faltimos meses\u201d.<\/p>\n<p>(\u00c1mbito.com)<\/p>\n<\/div>\n<div class=\"oasis-despues-del-contenido\" id=\"oasis-987662465\"><img loading=\"lazy\" decoding=\"async\" src=\"https:\/\/oasisfm935.com.ar\/site\/wp-content\/uploads\/2020\/08\/47806202-8741-49f2-a5c9-d2f930e5baa1.jpg\" alt=\"\"  srcset=\"https:\/\/oasisfm935.com.ar\/site\/wp-content\/uploads\/2020\/08\/47806202-8741-49f2-a5c9-d2f930e5baa1.jpg 1080w, https:\/\/oasisfm935.com.ar\/site\/wp-content\/uploads\/2020\/08\/47806202-8741-49f2-a5c9-d2f930e5baa1-300x300.jpg 300w, https:\/\/oasisfm935.com.ar\/site\/wp-content\/uploads\/2020\/08\/47806202-8741-49f2-a5c9-d2f930e5baa1-1024x1024.jpg 1024w, https:\/\/oasisfm935.com.ar\/site\/wp-content\/uploads\/2020\/08\/47806202-8741-49f2-a5c9-d2f930e5baa1-150x150.jpg 150w, https:\/\/oasisfm935.com.ar\/site\/wp-content\/uploads\/2020\/08\/47806202-8741-49f2-a5c9-d2f930e5baa1-768x768.jpg 768w\" sizes=\"(max-width: 1080px) 100vw, 1080px\" class=\"no-lazyload\" width=\"1080\" height=\"1080\"  style=\"display: inline-block;\" \/><\/div>","protected":false},"excerpt":{"rendered":"<p>Industriales aseguran que \u201chay faltante e incremento de precios\u201d por menor oferta. \u201cEl faltante de productos l\u00e1cteos responde a problemas clim\u00e1ticos en<\/p>\n","protected":false},"author":4,"featured_media":1020,"comment_status":"closed","ping_status":"open","sticky":false,"template":"","format":"standard","meta":{"colormag_page_layout":"default_layout","footnotes":""},"categories":[2],"tags":[],"class_list":["post-1019","post","type-post","status-publish","format-standard","has-post-thumbnail","hentry","category-noticias"],"_links":{"self":[{"href":"https:\/\/oasisfm935.com.ar\/site\/wp-json\/wp\/v2\/posts\/1019","targetHints":{"allow":["GET"]}}],"collection":[{"href":"https:\/\/oasisfm935.com.ar\/site\/wp-json\/wp\/v2\/posts"}],"about":[{"href":"https:\/\/oasisfm935.com.ar\/site\/wp-json\/wp\/v2\/types\/post"}],"author":[{"embeddable":true,"href":"https:\/\/oasisfm935.com.ar\/site\/wp-json\/wp\/v2\/users\/4"}],"replies":[{"embeddable":true,"href":"https:\/\/oasisfm935.com.ar\/site\/wp-json\/wp\/v2\/comments?post=1019"}],"version-history":[{"count":1,"href":"https:\/\/oasisfm935.com.ar\/site\/wp-json\/wp\/v2\/posts\/1019\/revisions"}],"predecessor-version":[{"id":1021,"href":"https:\/\/oasisfm935.com.ar\/site\/wp-json\/wp\/v2\/posts\/1019\/revisions\/1021"}],"wp:featuredmedia":[{"embeddable":true,"href":"https:\/\/oasisfm935.com.ar\/site\/wp-json\/wp\/v2\/media\/1020"}],"wp:attachment":[{"href":"https:\/\/oasisfm935.com.ar\/site\/wp-json\/wp\/v2\/media?parent=1019"}],"wp:term":[{"taxonomy":"category","embeddable":true,"href":"https:\/\/oasisfm935.com.ar\/site\/wp-json\/wp\/v2\/categories?post=1019"},{"taxonomy":"post_tag","embeddable":true,"href":"https:\/\/oasisfm935.com.ar\/site\/wp-json\/wp\/v2\/tags?post=1019"}],"curies":[{"name":"wp","href":"https:\/\/api.w.org\/{rel}","templated":true}]}}