{"id":1031,"date":"2019-03-14T16:57:41","date_gmt":"2019-03-14T19:57:41","guid":{"rendered":"http:\/\/oasisfm935.com\/site\/?p=1031"},"modified":"2019-03-14T16:57:41","modified_gmt":"2019-03-14T19:57:41","slug":"comenzo-el-ciclo-de-desayunos-cooperativos","status":"publish","type":"post","link":"https:\/\/oasisfm935.com.ar\/site\/comenzo-el-ciclo-de-desayunos-cooperativos\/","title":{"rendered":"COMENZ\u00d3 EL CICLO DE DESAYUNOS COOPERATIVOS"},"content":{"rendered":"<p>El equipo t\u00e9cnico de la Direcci\u00f3n de Econom\u00eda Social del Ministerio de Desarrollo Social iniciaron el primero de los encuentros para integrantes de la Cooperativa de Trabajo<\/p>\n<p><a href=\"http:\/\/oasisfm935.com\/site\/wp-content\/uploads\/2019\/03\/54434204_2179368058813348_6323899809291829248_n.jpg\"><img loading=\"lazy\" decoding=\"async\" class=\"alignnone size-full wp-image-1033\" src=\"http:\/\/oasisfm935.com\/site\/wp-content\/uploads\/2019\/03\/54434204_2179368058813348_6323899809291829248_n.jpg\" alt=\"\" width=\"960\" height=\"640\" srcset=\"https:\/\/oasisfm935.com.ar\/site\/wp-content\/uploads\/2019\/03\/54434204_2179368058813348_6323899809291829248_n.jpg 960w, https:\/\/oasisfm935.com.ar\/site\/wp-content\/uploads\/2019\/03\/54434204_2179368058813348_6323899809291829248_n-300x200.jpg 300w, https:\/\/oasisfm935.com.ar\/site\/wp-content\/uploads\/2019\/03\/54434204_2179368058813348_6323899809291829248_n-768x512.jpg 768w\" sizes=\"auto, (max-width: 960px) 100vw, 960px\" \/><\/a><\/p>\n<p>\u201cEl Progreso\u201d de Ingeniero Luiggi. Con el objetivo de que quienes forman parte de la cooperativa desarrollen un plan de acci\u00f3n m\u00e1s amplio que su propio trabajo cotidiano, con incidencia en la comunidad.<\/p>\n<p><a href=\"http:\/\/oasisfm935.com\/site\/wp-content\/uploads\/2019\/03\/54524033_2179368165480004_1052911142420086784_n.jpg\"><img loading=\"lazy\" decoding=\"async\" class=\"alignnone size-full wp-image-1034\" src=\"http:\/\/oasisfm935.com\/site\/wp-content\/uploads\/2019\/03\/54524033_2179368165480004_1052911142420086784_n.jpg\" alt=\"\" width=\"960\" height=\"640\" srcset=\"https:\/\/oasisfm935.com.ar\/site\/wp-content\/uploads\/2019\/03\/54524033_2179368165480004_1052911142420086784_n.jpg 960w, https:\/\/oasisfm935.com.ar\/site\/wp-content\/uploads\/2019\/03\/54524033_2179368165480004_1052911142420086784_n-300x200.jpg 300w, https:\/\/oasisfm935.com.ar\/site\/wp-content\/uploads\/2019\/03\/54524033_2179368165480004_1052911142420086784_n-768x512.jpg 768w\" sizes=\"auto, (max-width: 960px) 100vw, 960px\" \/><\/a><br \/>\nEl Gobierno Local agradece el acompa\u00f1amiento del Gobierno Provincial para llevar adelante esta iniciativa que tiene como principal objetivo empoderar a los integrantes de la Cooperativa.<\/p>\n<p><a href=\"http:\/\/oasisfm935.com\/site\/wp-content\/uploads\/2019\/03\/54430403_2179367695480051_9140214829984776192_n.jpg\"><img loading=\"lazy\" decoding=\"async\" class=\"alignnone size-full wp-image-1035\" src=\"http:\/\/oasisfm935.com\/site\/wp-content\/uploads\/2019\/03\/54430403_2179367695480051_9140214829984776192_n.jpg\" alt=\"\" width=\"960\" height=\"640\" srcset=\"https:\/\/oasisfm935.com.ar\/site\/wp-content\/uploads\/2019\/03\/54430403_2179367695480051_9140214829984776192_n.jpg 960w, https:\/\/oasisfm935.com.ar\/site\/wp-content\/uploads\/2019\/03\/54430403_2179367695480051_9140214829984776192_n-300x200.jpg 300w, https:\/\/oasisfm935.com.ar\/site\/wp-content\/uploads\/2019\/03\/54430403_2179367695480051_9140214829984776192_n-768x512.jpg 768w\" sizes=\"auto, (max-width: 960px) 100vw, 960px\" \/><\/a><\/p>\n<div class=\"oasis-despues-del-contenido\" id=\"oasis-830815915\"><img loading=\"lazy\" decoding=\"async\" src=\"https:\/\/oasisfm935.com.ar\/site\/wp-content\/uploads\/2020\/08\/47806202-8741-49f2-a5c9-d2f930e5baa1.jpg\" alt=\"\"  srcset=\"https:\/\/oasisfm935.com.ar\/site\/wp-content\/uploads\/2020\/08\/47806202-8741-49f2-a5c9-d2f930e5baa1.jpg 1080w, https:\/\/oasisfm935.com.ar\/site\/wp-content\/uploads\/2020\/08\/47806202-8741-49f2-a5c9-d2f930e5baa1-300x300.jpg 300w, https:\/\/oasisfm935.com.ar\/site\/wp-content\/uploads\/2020\/08\/47806202-8741-49f2-a5c9-d2f930e5baa1-1024x1024.jpg 1024w, https:\/\/oasisfm935.com.ar\/site\/wp-content\/uploads\/2020\/08\/47806202-8741-49f2-a5c9-d2f930e5baa1-150x150.jpg 150w, https:\/\/oasisfm935.com.ar\/site\/wp-content\/uploads\/2020\/08\/47806202-8741-49f2-a5c9-d2f930e5baa1-768x768.jpg 768w\" sizes=\"(max-width: 1080px) 100vw, 1080px\" class=\"no-lazyload\" width=\"1080\" height=\"1080\"  style=\"display: inline-block;\" \/><\/div>","protected":false},"excerpt":{"rendered":"<p>El equipo t\u00e9cnico de la Direcci\u00f3n de Econom\u00eda Social del Ministerio de Desarrollo Social iniciaron el primero de los encuentros para integrantes<\/p>\n","protected":false},"author":4,"featured_media":1032,"comment_status":"closed","ping_status":"open","sticky":false,"template":"","format":"standard","meta":{"colormag_page_layout":"default_layout","footnotes":""},"categories":[2],"tags":[],"class_list":["post-1031","post","type-post","status-publish","format-standard","has-post-thumbnail","hentry","category-noticias"],"_links":{"self":[{"href":"https:\/\/oasisfm935.com.ar\/site\/wp-json\/wp\/v2\/posts\/1031","targetHints":{"allow":["GET"]}}],"collection":[{"href":"https:\/\/oasisfm935.com.ar\/site\/wp-json\/wp\/v2\/posts"}],"about":[{"href":"https:\/\/oasisfm935.com.ar\/site\/wp-json\/wp\/v2\/types\/post"}],"author":[{"embeddable":true,"href":"https:\/\/oasisfm935.com.ar\/site\/wp-json\/wp\/v2\/users\/4"}],"replies":[{"embeddable":true,"href":"https:\/\/oasisfm935.com.ar\/site\/wp-json\/wp\/v2\/comments?post=1031"}],"version-history":[{"count":1,"href":"https:\/\/oasisfm935.com.ar\/site\/wp-json\/wp\/v2\/posts\/1031\/revisions"}],"predecessor-version":[{"id":1036,"href":"https:\/\/oasisfm935.com.ar\/site\/wp-json\/wp\/v2\/posts\/1031\/revisions\/1036"}],"wp:featuredmedia":[{"embeddable":true,"href":"https:\/\/oasisfm935.com.ar\/site\/wp-json\/wp\/v2\/media\/1032"}],"wp:attachment":[{"href":"https:\/\/oasisfm935.com.ar\/site\/wp-json\/wp\/v2\/media?parent=1031"}],"wp:term":[{"taxonomy":"category","embeddable":true,"href":"https:\/\/oasisfm935.com.ar\/site\/wp-json\/wp\/v2\/categories?post=1031"},{"taxonomy":"post_tag","embeddable":true,"href":"https:\/\/oasisfm935.com.ar\/site\/wp-json\/wp\/v2\/tags?post=1031"}],"curies":[{"name":"wp","href":"https:\/\/api.w.org\/{rel}","templated":true}]}}