{"id":1038,"date":"2019-03-14T17:25:53","date_gmt":"2019-03-14T20:25:53","guid":{"rendered":"http:\/\/oasisfm935.com\/site\/?p=1038"},"modified":"2019-03-14T17:25:53","modified_gmt":"2019-03-14T20:25:53","slug":"la-inflacion-de-febrero-fue-del-38-y-supero-el-50-en-los-ultimos-12-meses","status":"publish","type":"post","link":"https:\/\/oasisfm935.com.ar\/site\/la-inflacion-de-febrero-fue-del-38-y-supero-el-50-en-los-ultimos-12-meses\/","title":{"rendered":"La inflaci\u00f3n de febrero fue del 3,8% y super\u00f3 el 50% en los \u00faltimos 12 meses"},"content":{"rendered":"<p>La inflaci\u00f3n contin\u00faa con su camino ascendente. En febrero,\u00a0<strong>el \u00edndice de precios al consumidor aument\u00f3 un 3,8% que sumado al alza el mes previo, genera un acumulado de 6,8% en los dos primeros meses de 2019<\/strong>. Adem\u00e1s en los \u00faltimos 12 meses registra un alza de 51,3%, seg\u00fan datos del INDEC.<\/p>\n<p>Las\u00a0<strong>subas estuvieron impulsadas por la suba de tarifas y el precio de la carne<\/strong>, seg\u00fan reconoce el organismo oficial. Adem\u00e1s el 3,8% est\u00e1 en l\u00ednea con lo que preve\u00edan las consultoras privadas cuyos c\u00e1lculos oscilaban entre 3,5% y 40%.<\/p>\n<p>La inflaci\u00f3n del mes pasado estuvo signada por un incremento del 5,7% en Alimentos y bebidas, del 6,4% en lo referente a los gastos en Vivienda, agua, electricidad, gas y \u201cotros combustibles\u201d.<\/p>\n<p>En cuanto<strong>\u00a0a las regiones, el Noreste tuvo el mayor incremento con el 4,5%, seguida por la del Noroeste con el 4,2%, siendo la Patagonia la de menor aumento con el 3%.<\/strong><\/p>\n<p>Desde el\u00a0<strong>Gobierno Nacional esperan que la inflaci\u00f3n comience a bajar luego del primer trimestre por lo que en marzo tambi\u00e9n se esperan cifras elevadas<\/strong>. Tambi\u00e9n habr\u00e1 que tener en cuenta cuanto pueda afectar la suba del d\u00f3lar y el traslado a precios, public\u00f3 el diario Ambito Financiero.<\/p>\n<p>D\u00edas atr\u00e1s el ministro del Producci\u00f3n, Dante Sica, hab\u00eda anticipado que por los aumentos de tarifas y de la carne ser\u00edan responsables de la suba publicada hoy. Sin embargo esperaba que la \u201cinflaci\u00f3n (de febrero) est\u00e9 por encima\u201d de lo que se estima estar\u00e1 en marzo.<\/p>\n<div class=\"oasis-despues-del-contenido\" id=\"oasis-3893003063\"><img loading=\"lazy\" decoding=\"async\" src=\"https:\/\/oasisfm935.com.ar\/site\/wp-content\/uploads\/2020\/08\/47806202-8741-49f2-a5c9-d2f930e5baa1.jpg\" alt=\"\"  srcset=\"https:\/\/oasisfm935.com.ar\/site\/wp-content\/uploads\/2020\/08\/47806202-8741-49f2-a5c9-d2f930e5baa1.jpg 1080w, https:\/\/oasisfm935.com.ar\/site\/wp-content\/uploads\/2020\/08\/47806202-8741-49f2-a5c9-d2f930e5baa1-300x300.jpg 300w, https:\/\/oasisfm935.com.ar\/site\/wp-content\/uploads\/2020\/08\/47806202-8741-49f2-a5c9-d2f930e5baa1-1024x1024.jpg 1024w, https:\/\/oasisfm935.com.ar\/site\/wp-content\/uploads\/2020\/08\/47806202-8741-49f2-a5c9-d2f930e5baa1-150x150.jpg 150w, https:\/\/oasisfm935.com.ar\/site\/wp-content\/uploads\/2020\/08\/47806202-8741-49f2-a5c9-d2f930e5baa1-768x768.jpg 768w\" sizes=\"(max-width: 1080px) 100vw, 1080px\" class=\"no-lazyload\" width=\"1080\" height=\"1080\"  style=\"display: inline-block;\" \/><\/div>","protected":false},"excerpt":{"rendered":"<p>La inflaci\u00f3n contin\u00faa con su camino ascendente. En febrero,\u00a0el \u00edndice de precios al consumidor aument\u00f3 un 3,8% que sumado al alza el<\/p>\n","protected":false},"author":4,"featured_media":1039,"comment_status":"closed","ping_status":"open","sticky":false,"template":"","format":"standard","meta":{"colormag_page_layout":"default_layout","footnotes":""},"categories":[2],"tags":[],"class_list":["post-1038","post","type-post","status-publish","format-standard","has-post-thumbnail","hentry","category-noticias"],"_links":{"self":[{"href":"https:\/\/oasisfm935.com.ar\/site\/wp-json\/wp\/v2\/posts\/1038","targetHints":{"allow":["GET"]}}],"collection":[{"href":"https:\/\/oasisfm935.com.ar\/site\/wp-json\/wp\/v2\/posts"}],"about":[{"href":"https:\/\/oasisfm935.com.ar\/site\/wp-json\/wp\/v2\/types\/post"}],"author":[{"embeddable":true,"href":"https:\/\/oasisfm935.com.ar\/site\/wp-json\/wp\/v2\/users\/4"}],"replies":[{"embeddable":true,"href":"https:\/\/oasisfm935.com.ar\/site\/wp-json\/wp\/v2\/comments?post=1038"}],"version-history":[{"count":1,"href":"https:\/\/oasisfm935.com.ar\/site\/wp-json\/wp\/v2\/posts\/1038\/revisions"}],"predecessor-version":[{"id":1040,"href":"https:\/\/oasisfm935.com.ar\/site\/wp-json\/wp\/v2\/posts\/1038\/revisions\/1040"}],"wp:featuredmedia":[{"embeddable":true,"href":"https:\/\/oasisfm935.com.ar\/site\/wp-json\/wp\/v2\/media\/1039"}],"wp:attachment":[{"href":"https:\/\/oasisfm935.com.ar\/site\/wp-json\/wp\/v2\/media?parent=1038"}],"wp:term":[{"taxonomy":"category","embeddable":true,"href":"https:\/\/oasisfm935.com.ar\/site\/wp-json\/wp\/v2\/categories?post=1038"},{"taxonomy":"post_tag","embeddable":true,"href":"https:\/\/oasisfm935.com.ar\/site\/wp-json\/wp\/v2\/tags?post=1038"}],"curies":[{"name":"wp","href":"https:\/\/api.w.org\/{rel}","templated":true}]}}