{"id":1052,"date":"2019-03-15T12:05:00","date_gmt":"2019-03-15T15:05:00","guid":{"rendered":"http:\/\/oasisfm935.com\/site\/?p=1052"},"modified":"2019-03-15T12:05:00","modified_gmt":"2019-03-15T15:05:00","slug":"murio-fabian-matus-el-hijo-de-mercedes-sosa","status":"publish","type":"post","link":"https:\/\/oasisfm935.com.ar\/site\/murio-fabian-matus-el-hijo-de-mercedes-sosa\/","title":{"rendered":"Muri\u00f3 Fabi\u00e1n Matus, el hijo de Mercedes Sosa"},"content":{"rendered":"<p>Fabi\u00e1n Matus, el hijo de\u00a0Mercedes Sosa\u00a0y del m\u00fasico\u00a0Oscar Matus, muri\u00f3 en la madrugada de este viernes a los 60 a\u00f1os. Estaba internado \u00a0en el Hospital Fern\u00e1ndez a causa de un c\u00e1ncer de pulm\u00f3n que hizo met\u00e1stasis en su p\u00e1ncreas y en sus huesos.<\/p>\n<p>\u201cUna hoja del \u00e1rbol se cay\u00f3\u2026 Duele en el alma\u2026 Buen viaje primo querido\u2026 Fabi\u00e1n Matus\u2026 Que en paz descanses\u201d, escribi\u00f3 su primo\u00a0Claudio Sosa, quien confirm\u00f3 esta madrugada la triste noticia a trav\u00e9s de su cuenta de Facebook.<\/p>\n<p>Sus restos ser\u00e1n despedidos este viernes en la casa velatoria Zuccotti, ubicada en Thames 1164, de 17 a 22.<\/p>\n<p>En 2010, hab\u00eda sufrido un infarto y debi\u00f3 ser operado en el Sanatorio de La Trinidad de Palermo. A partir de ese momento, atraves\u00f3 por varias complicaciones.<\/p>\n<p>Naci\u00f3 el 20 de diciembre de 1958 y era el \u00fanico hijo de Mercedes Sosa. A lo largo de su carrera, se encarg\u00f3 de representar a diversos artistas, entre ellos, a\u00a0Mercedes Sosa, Julia Zenko, Nito Mestre y Daniel Melero. Adem\u00e1s, se desempe\u00f1\u00f3 como productor de eventos culturales y\u00a0art\u00edsticos, productor discogr\u00e1fico y de programas radiales, televisivos y documentales,\u00a0tour\u00a0manager, productor integral de espect\u00e1culos musicales, teatrales y de video.<\/p>\n<div class=\"oasis-despues-del-contenido\" id=\"oasis-2040638440\"><img loading=\"lazy\" decoding=\"async\" src=\"https:\/\/oasisfm935.com.ar\/site\/wp-content\/uploads\/2020\/08\/47806202-8741-49f2-a5c9-d2f930e5baa1.jpg\" alt=\"\"  srcset=\"https:\/\/oasisfm935.com.ar\/site\/wp-content\/uploads\/2020\/08\/47806202-8741-49f2-a5c9-d2f930e5baa1.jpg 1080w, https:\/\/oasisfm935.com.ar\/site\/wp-content\/uploads\/2020\/08\/47806202-8741-49f2-a5c9-d2f930e5baa1-300x300.jpg 300w, https:\/\/oasisfm935.com.ar\/site\/wp-content\/uploads\/2020\/08\/47806202-8741-49f2-a5c9-d2f930e5baa1-1024x1024.jpg 1024w, https:\/\/oasisfm935.com.ar\/site\/wp-content\/uploads\/2020\/08\/47806202-8741-49f2-a5c9-d2f930e5baa1-150x150.jpg 150w, https:\/\/oasisfm935.com.ar\/site\/wp-content\/uploads\/2020\/08\/47806202-8741-49f2-a5c9-d2f930e5baa1-768x768.jpg 768w\" sizes=\"(max-width: 1080px) 100vw, 1080px\" class=\"no-lazyload\" width=\"1080\" height=\"1080\"  style=\"display: inline-block;\" \/><\/div>","protected":false},"excerpt":{"rendered":"<p>Fabi\u00e1n Matus, el hijo de\u00a0Mercedes Sosa\u00a0y del m\u00fasico\u00a0Oscar Matus, muri\u00f3 en la madrugada de este viernes a los 60 a\u00f1os. Estaba internado<\/p>\n","protected":false},"author":4,"featured_media":1053,"comment_status":"closed","ping_status":"open","sticky":false,"template":"","format":"standard","meta":{"colormag_page_layout":"default_layout","footnotes":""},"categories":[2],"tags":[],"class_list":["post-1052","post","type-post","status-publish","format-standard","has-post-thumbnail","hentry","category-noticias"],"_links":{"self":[{"href":"https:\/\/oasisfm935.com.ar\/site\/wp-json\/wp\/v2\/posts\/1052","targetHints":{"allow":["GET"]}}],"collection":[{"href":"https:\/\/oasisfm935.com.ar\/site\/wp-json\/wp\/v2\/posts"}],"about":[{"href":"https:\/\/oasisfm935.com.ar\/site\/wp-json\/wp\/v2\/types\/post"}],"author":[{"embeddable":true,"href":"https:\/\/oasisfm935.com.ar\/site\/wp-json\/wp\/v2\/users\/4"}],"replies":[{"embeddable":true,"href":"https:\/\/oasisfm935.com.ar\/site\/wp-json\/wp\/v2\/comments?post=1052"}],"version-history":[{"count":1,"href":"https:\/\/oasisfm935.com.ar\/site\/wp-json\/wp\/v2\/posts\/1052\/revisions"}],"predecessor-version":[{"id":1054,"href":"https:\/\/oasisfm935.com.ar\/site\/wp-json\/wp\/v2\/posts\/1052\/revisions\/1054"}],"wp:featuredmedia":[{"embeddable":true,"href":"https:\/\/oasisfm935.com.ar\/site\/wp-json\/wp\/v2\/media\/1053"}],"wp:attachment":[{"href":"https:\/\/oasisfm935.com.ar\/site\/wp-json\/wp\/v2\/media?parent=1052"}],"wp:term":[{"taxonomy":"category","embeddable":true,"href":"https:\/\/oasisfm935.com.ar\/site\/wp-json\/wp\/v2\/categories?post=1052"},{"taxonomy":"post_tag","embeddable":true,"href":"https:\/\/oasisfm935.com.ar\/site\/wp-json\/wp\/v2\/tags?post=1052"}],"curies":[{"name":"wp","href":"https:\/\/api.w.org\/{rel}","templated":true}]}}