{"id":1055,"date":"2019-03-15T19:10:17","date_gmt":"2019-03-15T22:10:17","guid":{"rendered":"http:\/\/oasisfm935.com\/site\/?p=1055"},"modified":"2019-03-15T19:38:04","modified_gmt":"2019-03-15T22:38:04","slug":"apertura-de-sesiones-ordinarias-en-ing-luiggi-zanoli-hizo-un-balance-de-lo-realizado","status":"publish","type":"post","link":"https:\/\/oasisfm935.com.ar\/site\/apertura-de-sesiones-ordinarias-en-ing-luiggi-zanoli-hizo-un-balance-de-lo-realizado\/","title":{"rendered":"Oscar Zanoli  brind\u00f3 su \u00faltimo discurso como Intendente de Ingeniero Luiggi."},"content":{"rendered":"<p>En el d\u00eda de ayer alrededor de la hora 20:00, se dio inicio a las sesiones ordinarias del Concejo Deliberante en la localidad de Ingeniero Luiggi.<\/p>\n<p>En el acto adem\u00e1s de los concejales de ambos bloques, estuvieron presentes autoridades policiales, educativas y de salud. A su vez asistieron representantes de las instituciones intermedias de la localidad.<\/p>\n<p><a href=\"http:\/\/oasisfm935.com\/site\/wp-content\/uploads\/2019\/03\/54381427_2180412285375592_8973305752252841984_o.jpg\"><img loading=\"lazy\" decoding=\"async\" class=\"alignnone size-full wp-image-1058\" src=\"http:\/\/oasisfm935.com\/site\/wp-content\/uploads\/2019\/03\/54381427_2180412285375592_8973305752252841984_o.jpg\" alt=\"\" width=\"1280\" height=\"853\" srcset=\"https:\/\/oasisfm935.com.ar\/site\/wp-content\/uploads\/2019\/03\/54381427_2180412285375592_8973305752252841984_o.jpg 1280w, https:\/\/oasisfm935.com.ar\/site\/wp-content\/uploads\/2019\/03\/54381427_2180412285375592_8973305752252841984_o-300x200.jpg 300w, https:\/\/oasisfm935.com.ar\/site\/wp-content\/uploads\/2019\/03\/54381427_2180412285375592_8973305752252841984_o-768x512.jpg 768w, https:\/\/oasisfm935.com.ar\/site\/wp-content\/uploads\/2019\/03\/54381427_2180412285375592_8973305752252841984_o-1024x682.jpg 1024w\" sizes=\"auto, (max-width: 1280px) 100vw, 1280px\" \/><\/a><\/p>\n<p>&nbsp;<\/p>\n<p>Zanoli comenz\u00f3 realizando un\u00a0<strong>balance del a\u00f1o 2018<\/strong>, argumentando que fue un a\u00f1o dif\u00edcil en la gesti\u00f3n,\u00a0 la situaci\u00f3n social y econ\u00f3mica\u00a0 en muchos casos se a tornado graves.<\/p>\n<p>Agradeci\u00f3 el apoyo del Gobierno Provincial y al Consejo Deliberante local, especialmente a la solidaridad de la comunidad luiggense que tambi\u00e9n brind\u00f3 su ayuda.<\/p>\n<p><a href=\"http:\/\/oasisfm935.com\/site\/wp-content\/uploads\/2019\/03\/54523042_2180411472042340_5307722250844110848_o.jpg\"><img loading=\"lazy\" decoding=\"async\" class=\"alignnone size-full wp-image-1059\" src=\"http:\/\/oasisfm935.com\/site\/wp-content\/uploads\/2019\/03\/54523042_2180411472042340_5307722250844110848_o.jpg\" alt=\"\" width=\"1280\" height=\"640\" srcset=\"https:\/\/oasisfm935.com.ar\/site\/wp-content\/uploads\/2019\/03\/54523042_2180411472042340_5307722250844110848_o.jpg 1280w, https:\/\/oasisfm935.com.ar\/site\/wp-content\/uploads\/2019\/03\/54523042_2180411472042340_5307722250844110848_o-300x150.jpg 300w, https:\/\/oasisfm935.com.ar\/site\/wp-content\/uploads\/2019\/03\/54523042_2180411472042340_5307722250844110848_o-768x384.jpg 768w, https:\/\/oasisfm935.com.ar\/site\/wp-content\/uploads\/2019\/03\/54523042_2180411472042340_5307722250844110848_o-1024x512.jpg 1024w\" sizes=\"auto, (max-width: 1280px) 100vw, 1280px\" \/><\/a><\/p>\n<p>El mandatario local argument\u00f3 que en sus 3 a\u00f1os de gesti\u00f3n municipal realiz\u00f3 diversas acciones. A modo de resumen mencion\u00f3 algunas de las obras y proyectos sociales gestionados durante el a\u00f1o 2018<\/p>\n<p>&nbsp;<\/p>\n<p><iframe loading=\"lazy\" title=\"Apertura de sesiones ordinarias en Ing. Luiggi: Zanoli hizo un balance de lo realizado.\" width=\"800\" height=\"450\" src=\"https:\/\/www.youtube.com\/embed\/eZd-wUhA4tE?feature=oembed\" frameborder=\"0\" allow=\"accelerometer; autoplay; encrypted-media; gyroscope; picture-in-picture\" allowfullscreen><\/iframe><\/p>\n<p>&nbsp;<\/p>\n<div class=\"oasis-despues-del-contenido\" id=\"oasis-807613422\"><img loading=\"lazy\" decoding=\"async\" src=\"https:\/\/oasisfm935.com.ar\/site\/wp-content\/uploads\/2020\/08\/47806202-8741-49f2-a5c9-d2f930e5baa1.jpg\" alt=\"\"  srcset=\"https:\/\/oasisfm935.com.ar\/site\/wp-content\/uploads\/2020\/08\/47806202-8741-49f2-a5c9-d2f930e5baa1.jpg 1080w, https:\/\/oasisfm935.com.ar\/site\/wp-content\/uploads\/2020\/08\/47806202-8741-49f2-a5c9-d2f930e5baa1-300x300.jpg 300w, https:\/\/oasisfm935.com.ar\/site\/wp-content\/uploads\/2020\/08\/47806202-8741-49f2-a5c9-d2f930e5baa1-1024x1024.jpg 1024w, https:\/\/oasisfm935.com.ar\/site\/wp-content\/uploads\/2020\/08\/47806202-8741-49f2-a5c9-d2f930e5baa1-150x150.jpg 150w, https:\/\/oasisfm935.com.ar\/site\/wp-content\/uploads\/2020\/08\/47806202-8741-49f2-a5c9-d2f930e5baa1-768x768.jpg 768w\" sizes=\"(max-width: 1080px) 100vw, 1080px\" class=\"no-lazyload\" width=\"1080\" height=\"1080\"  style=\"display: inline-block;\" \/><\/div>","protected":false},"excerpt":{"rendered":"<p>En el d\u00eda de ayer alrededor de la hora 20:00, se dio inicio a las sesiones ordinarias del Concejo Deliberante en la<\/p>\n","protected":false},"author":4,"featured_media":1057,"comment_status":"closed","ping_status":"open","sticky":false,"template":"","format":"standard","meta":{"colormag_page_layout":"default_layout","footnotes":""},"categories":[2],"tags":[],"class_list":["post-1055","post","type-post","status-publish","format-standard","has-post-thumbnail","hentry","category-noticias"],"_links":{"self":[{"href":"https:\/\/oasisfm935.com.ar\/site\/wp-json\/wp\/v2\/posts\/1055","targetHints":{"allow":["GET"]}}],"collection":[{"href":"https:\/\/oasisfm935.com.ar\/site\/wp-json\/wp\/v2\/posts"}],"about":[{"href":"https:\/\/oasisfm935.com.ar\/site\/wp-json\/wp\/v2\/types\/post"}],"author":[{"embeddable":true,"href":"https:\/\/oasisfm935.com.ar\/site\/wp-json\/wp\/v2\/users\/4"}],"replies":[{"embeddable":true,"href":"https:\/\/oasisfm935.com.ar\/site\/wp-json\/wp\/v2\/comments?post=1055"}],"version-history":[{"count":3,"href":"https:\/\/oasisfm935.com.ar\/site\/wp-json\/wp\/v2\/posts\/1055\/revisions"}],"predecessor-version":[{"id":1062,"href":"https:\/\/oasisfm935.com.ar\/site\/wp-json\/wp\/v2\/posts\/1055\/revisions\/1062"}],"wp:featuredmedia":[{"embeddable":true,"href":"https:\/\/oasisfm935.com.ar\/site\/wp-json\/wp\/v2\/media\/1057"}],"wp:attachment":[{"href":"https:\/\/oasisfm935.com.ar\/site\/wp-json\/wp\/v2\/media?parent=1055"}],"wp:term":[{"taxonomy":"category","embeddable":true,"href":"https:\/\/oasisfm935.com.ar\/site\/wp-json\/wp\/v2\/categories?post=1055"},{"taxonomy":"post_tag","embeddable":true,"href":"https:\/\/oasisfm935.com.ar\/site\/wp-json\/wp\/v2\/tags?post=1055"}],"curies":[{"name":"wp","href":"https:\/\/api.w.org\/{rel}","templated":true}]}}