{"id":1063,"date":"2019-03-15T19:51:48","date_gmt":"2019-03-15T22:51:48","guid":{"rendered":"http:\/\/oasisfm935.com\/site\/?p=1063"},"modified":"2019-03-15T19:51:48","modified_gmt":"2019-03-15T22:51:48","slug":"fepamco-rechazo-el-decreto-presidencial-que-modifica-el-modo-de-facturacion","status":"publish","type":"post","link":"https:\/\/oasisfm935.com.ar\/site\/fepamco-rechazo-el-decreto-presidencial-que-modifica-el-modo-de-facturacion\/","title":{"rendered":"Fepamco rechaz\u00f3 el decreto presidencial que modifica el modo de facturaci\u00f3n"},"content":{"rendered":"<p>Integrantes de cooperativas pampeanas realizaron un plenario, convocado por la Federaci\u00f3n Pampeana de Cooperativas, en el que se\u00a0<strong>resolvi\u00f3 rechazar el decreto del presidente Mauricio Macri, a trav\u00e9s del cual se obliga a dividir la facturaci\u00f3n del servicio el\u00e9ctrico separ\u00e1ndolo de otros servicios.<\/strong><\/p>\n<p>El plenario se llev\u00f3 a cabo en la capital pampeana y los cooperativistas abordaron los alcances del decreto presidencial, que avala una resoluci\u00f3n del Instituto Nacional de Asociativismo y Econom\u00eda Social, que obliga a modificar el modo en que las cooperativas viene facturando sus servicios.<\/p>\n<p>Seg\u00fan Infopico, las cooperativas pampeanas enviar\u00e1n notas al Poder Ejecutivo Nacional informando que el modo en que\u00a0<strong>facturan sus servicios est\u00e1 regido por una resoluci\u00f3n de la Administraci\u00f3n Provincial de Energ\u00eda del a\u00f1o 2005.<\/strong><\/p>\n<p>&nbsp;<\/p>\n<p>\u201cLa\u00a0<strong>Administraci\u00f3n Provincial de Energ\u00eda de La Pampa ha dictado en fecha 21 de Junio de 2005 la disposici\u00f3n N\u00b0129\/05, la cual establece el modelo de recibo con el que se debe proceder a facturar el servicio el\u00e9ctrico concesionado<\/strong>, y que en el mismo se nos faculta a incluir otros conceptos y servicios brindados por esta cooperativa; siendo la misma de car\u00e1cter obligatorio para todas las cooperativas de la Provincia de La Pampa, y que no est\u00e1 dentro de nuestras facultades realizar modificaciones al modelo de recibo establecido\u201d, expresa la nota enviada al Gobierno Nacional.<\/p>\n<p>Como acci\u00f3n conjunta cada cooperativa se comprometi\u00f3 a remitir una nota a la Gerencia de Inspecci\u00f3n de INAES rechazando el decreto presidencial.<\/p>\n<p>&nbsp;<\/p>\n<p>&nbsp;<\/p>\n<p>Diario Textual<\/p>\n<div class=\"oasis-despues-del-contenido\" id=\"oasis-3154520190\"><img loading=\"lazy\" decoding=\"async\" src=\"https:\/\/oasisfm935.com.ar\/site\/wp-content\/uploads\/2020\/08\/47806202-8741-49f2-a5c9-d2f930e5baa1.jpg\" alt=\"\"  srcset=\"https:\/\/oasisfm935.com.ar\/site\/wp-content\/uploads\/2020\/08\/47806202-8741-49f2-a5c9-d2f930e5baa1.jpg 1080w, https:\/\/oasisfm935.com.ar\/site\/wp-content\/uploads\/2020\/08\/47806202-8741-49f2-a5c9-d2f930e5baa1-300x300.jpg 300w, https:\/\/oasisfm935.com.ar\/site\/wp-content\/uploads\/2020\/08\/47806202-8741-49f2-a5c9-d2f930e5baa1-1024x1024.jpg 1024w, https:\/\/oasisfm935.com.ar\/site\/wp-content\/uploads\/2020\/08\/47806202-8741-49f2-a5c9-d2f930e5baa1-150x150.jpg 150w, https:\/\/oasisfm935.com.ar\/site\/wp-content\/uploads\/2020\/08\/47806202-8741-49f2-a5c9-d2f930e5baa1-768x768.jpg 768w\" sizes=\"(max-width: 1080px) 100vw, 1080px\" class=\"no-lazyload\" width=\"1080\" height=\"1080\"  style=\"display: inline-block;\" \/><\/div>","protected":false},"excerpt":{"rendered":"<p>Integrantes de cooperativas pampeanas realizaron un plenario, convocado por la Federaci\u00f3n Pampeana de Cooperativas, en el que se\u00a0resolvi\u00f3 rechazar el decreto del<\/p>\n","protected":false},"author":4,"featured_media":1064,"comment_status":"closed","ping_status":"open","sticky":false,"template":"","format":"standard","meta":{"colormag_page_layout":"default_layout","footnotes":""},"categories":[2],"tags":[],"class_list":["post-1063","post","type-post","status-publish","format-standard","has-post-thumbnail","hentry","category-noticias"],"_links":{"self":[{"href":"https:\/\/oasisfm935.com.ar\/site\/wp-json\/wp\/v2\/posts\/1063","targetHints":{"allow":["GET"]}}],"collection":[{"href":"https:\/\/oasisfm935.com.ar\/site\/wp-json\/wp\/v2\/posts"}],"about":[{"href":"https:\/\/oasisfm935.com.ar\/site\/wp-json\/wp\/v2\/types\/post"}],"author":[{"embeddable":true,"href":"https:\/\/oasisfm935.com.ar\/site\/wp-json\/wp\/v2\/users\/4"}],"replies":[{"embeddable":true,"href":"https:\/\/oasisfm935.com.ar\/site\/wp-json\/wp\/v2\/comments?post=1063"}],"version-history":[{"count":1,"href":"https:\/\/oasisfm935.com.ar\/site\/wp-json\/wp\/v2\/posts\/1063\/revisions"}],"predecessor-version":[{"id":1065,"href":"https:\/\/oasisfm935.com.ar\/site\/wp-json\/wp\/v2\/posts\/1063\/revisions\/1065"}],"wp:featuredmedia":[{"embeddable":true,"href":"https:\/\/oasisfm935.com.ar\/site\/wp-json\/wp\/v2\/media\/1064"}],"wp:attachment":[{"href":"https:\/\/oasisfm935.com.ar\/site\/wp-json\/wp\/v2\/media?parent=1063"}],"wp:term":[{"taxonomy":"category","embeddable":true,"href":"https:\/\/oasisfm935.com.ar\/site\/wp-json\/wp\/v2\/categories?post=1063"},{"taxonomy":"post_tag","embeddable":true,"href":"https:\/\/oasisfm935.com.ar\/site\/wp-json\/wp\/v2\/tags?post=1063"}],"curies":[{"name":"wp","href":"https:\/\/api.w.org\/{rel}","templated":true}]}}