{"id":1067,"date":"2019-03-16T11:55:55","date_gmt":"2019-03-16T14:55:55","guid":{"rendered":"http:\/\/oasisfm935.com\/site\/?p=1067"},"modified":"2019-03-16T11:55:55","modified_gmt":"2019-03-16T14:55:55","slug":"mientras-lucha-por-su-vida-sergio-denis-cumple-70-anos","status":"publish","type":"post","link":"https:\/\/oasisfm935.com.ar\/site\/mientras-lucha-por-su-vida-sergio-denis-cumple-70-anos\/","title":{"rendered":"Mientras lucha por su vida, Sergio Denis cumple 70 a\u00f1os"},"content":{"rendered":"<p>En el d\u00eda de hoy s\u00e1bado, Sergio Denis est\u00e1 cumpliendo 70 a\u00f1os y sigue luchando por su vida, tras el accidente que sufri\u00f3 el lunes por la noche en medio de un show en Tucum\u00e1n.<\/p>\n<p>&nbsp;<\/p>\n<p>Su vida, sin dudas, no ha sido una vida f\u00e1cil. Y \u00e9l mismo se encarg\u00f3 de relatarlo a la largo de las incontables entrevistas que brind\u00f3 a lo largo de su carrera, estuvo marcada por la pobreza y el bullying.<\/p>\n<p>Naci\u00f3 con el nombre de H\u00e9ctor Omar Hoffmann en la colonia alemana San Jos\u00e9 de Coronel Suarez, una ciudad de 60 mil habitantes que est\u00e1 ubicada a 580 km. de Buenos Aires.<\/p>\n<p>Hijo del carpintero Feliciano Hoffmann y Mar\u00eda Ester Frenzel, de chico hab\u00eda sufrido muchas carencias. \u201cMe cuesta volver al lugar que me produjo alg\u00fan dolor. Como a la casa de pap\u00e1 y mam\u00e1, d\u00f3nde nunca volv\u00ed. Me da mucha tristeza. Haber tenido una infancia de pobreza, en el momento te duele. Pero te ense\u00f1a mucho. Yo, muchas veces me he ido a la cama tomando caf\u00e9 con leche porque no hab\u00eda laburo. Y mam\u00e1 no nos lo dec\u00eda para que no sufri\u00e9ramos. Eso y mil cosas m\u00e1s. Como tener un \u20187\u2019 en el pantal\u00f3n que usaba para el colegio secundario y, como no hab\u00eda guita para comprar otro, vivir tap\u00e1ndomelo con la mano para que no me lo vieran\u201d, contaba Sergio, seg\u00fan public\u00f3 Infobae.<\/p>\n<p>Lleg\u00f3 a Buenos aires a probar suerte con la m\u00fasica pero no le fue nada f\u00e1cil. Pero \u00e9l no se dio por vencido hasta lograr el \u00e9xito. Se cas\u00f3 con Mirta Messi, con quien tuvo a sus tres hijos: Federico, Barbara y Victoria. Y disfrut\u00f3 de lo que fue la mejor etapa de su vida. Pero, en 1995, perdi\u00f3 todo cuando quiso hacerse cargo del Coliseo de Lomas de Zamora. Y los problemas econ\u00f3micos terminaron afectando su voz. Luego pudo salir adelante.<\/p>\n<p>El 14 de mayo de 2007, estando en Asunci\u00f3n del Paraguay, sufri\u00f3 una descompensaci\u00f3n que deriv\u00f3 en un paro cardiorrespiratorio. Ingres\u00f3 inconsciente en el sanatorio San Roque de esa ciudad, pero logr\u00f3 ser reanimado por los m\u00e9dicos despu\u00e9s de pasar 17 minutos sin signos vitales. Sin embargo el cantante se recuper\u00f3 y sali\u00f3 adelante.<\/p>\n<p>Este episodio que le toca vivir a Sergio es uno m\u00e1s de los tantos que tuvo que atravesar. Seg\u00fan inform\u00f3 ayer viernes Olga Fern\u00e1ndez, directora del hospital \u00c1ngel Padilla, \u201cel paciente est\u00e1 respondiendo al tratamiento que los m\u00e9dicos le est\u00e1n realizando, esto quiere decir que con menos requerimientos de f\u00e1rmacos se ha podido controlar su presi\u00f3n arterial, inclusive con menos requerimientos que en el d\u00eda de ayer\u201d.<\/p>\n<figure class=\"wp-block-embed is-type-rich is-provider-la-arena-la-pampa\">\n<div class=\"wp-block-embed__wrapper\">\n<blockquote class=\"wp-embedded-content\" data-secret=\"85d3ATlGmB\"><p><a href=\"http:\/\/www.laarena.com.ar\/el_pais-video-sergio-denis-se-cayo-de-un-escenario-y-esta-muy-grave-2044361-113.html\">Sergio Denis se cay\u00f3 de un escenario y est\u00e1 muy grave<\/a><\/p><\/blockquote>\n<\/div>\n<\/figure>\n<div class=\"oasis-despues-del-contenido\" id=\"oasis-3346797423\"><img loading=\"lazy\" decoding=\"async\" src=\"https:\/\/oasisfm935.com.ar\/site\/wp-content\/uploads\/2020\/08\/47806202-8741-49f2-a5c9-d2f930e5baa1.jpg\" alt=\"\"  srcset=\"https:\/\/oasisfm935.com.ar\/site\/wp-content\/uploads\/2020\/08\/47806202-8741-49f2-a5c9-d2f930e5baa1.jpg 1080w, https:\/\/oasisfm935.com.ar\/site\/wp-content\/uploads\/2020\/08\/47806202-8741-49f2-a5c9-d2f930e5baa1-300x300.jpg 300w, https:\/\/oasisfm935.com.ar\/site\/wp-content\/uploads\/2020\/08\/47806202-8741-49f2-a5c9-d2f930e5baa1-1024x1024.jpg 1024w, https:\/\/oasisfm935.com.ar\/site\/wp-content\/uploads\/2020\/08\/47806202-8741-49f2-a5c9-d2f930e5baa1-150x150.jpg 150w, https:\/\/oasisfm935.com.ar\/site\/wp-content\/uploads\/2020\/08\/47806202-8741-49f2-a5c9-d2f930e5baa1-768x768.jpg 768w\" sizes=\"(max-width: 1080px) 100vw, 1080px\" class=\"no-lazyload\" width=\"1080\" height=\"1080\"  style=\"display: inline-block;\" \/><\/div>","protected":false},"excerpt":{"rendered":"<p>En el d\u00eda de hoy s\u00e1bado, Sergio Denis est\u00e1 cumpliendo 70 a\u00f1os y sigue luchando por su vida, tras el accidente que<\/p>\n","protected":false},"author":4,"featured_media":1068,"comment_status":"closed","ping_status":"open","sticky":false,"template":"","format":"standard","meta":{"colormag_page_layout":"default_layout","footnotes":""},"categories":[3],"tags":[],"class_list":["post-1067","post","type-post","status-publish","format-standard","has-post-thumbnail","hentry","category-avisos"],"_links":{"self":[{"href":"https:\/\/oasisfm935.com.ar\/site\/wp-json\/wp\/v2\/posts\/1067","targetHints":{"allow":["GET"]}}],"collection":[{"href":"https:\/\/oasisfm935.com.ar\/site\/wp-json\/wp\/v2\/posts"}],"about":[{"href":"https:\/\/oasisfm935.com.ar\/site\/wp-json\/wp\/v2\/types\/post"}],"author":[{"embeddable":true,"href":"https:\/\/oasisfm935.com.ar\/site\/wp-json\/wp\/v2\/users\/4"}],"replies":[{"embeddable":true,"href":"https:\/\/oasisfm935.com.ar\/site\/wp-json\/wp\/v2\/comments?post=1067"}],"version-history":[{"count":1,"href":"https:\/\/oasisfm935.com.ar\/site\/wp-json\/wp\/v2\/posts\/1067\/revisions"}],"predecessor-version":[{"id":1069,"href":"https:\/\/oasisfm935.com.ar\/site\/wp-json\/wp\/v2\/posts\/1067\/revisions\/1069"}],"wp:featuredmedia":[{"embeddable":true,"href":"https:\/\/oasisfm935.com.ar\/site\/wp-json\/wp\/v2\/media\/1068"}],"wp:attachment":[{"href":"https:\/\/oasisfm935.com.ar\/site\/wp-json\/wp\/v2\/media?parent=1067"}],"wp:term":[{"taxonomy":"category","embeddable":true,"href":"https:\/\/oasisfm935.com.ar\/site\/wp-json\/wp\/v2\/categories?post=1067"},{"taxonomy":"post_tag","embeddable":true,"href":"https:\/\/oasisfm935.com.ar\/site\/wp-json\/wp\/v2\/tags?post=1067"}],"curies":[{"name":"wp","href":"https:\/\/api.w.org\/{rel}","templated":true}]}}