{"id":1087,"date":"2019-03-17T10:56:31","date_gmt":"2019-03-17T13:56:31","guid":{"rendered":"http:\/\/oasisfm935.com\/site\/?p=1087"},"modified":"2019-03-17T10:56:31","modified_gmt":"2019-03-17T13:56:31","slug":"gran-avance-en-el-proceso-de-pension-jubilatoria-para-los-bomberos","status":"publish","type":"post","link":"https:\/\/oasisfm935.com.ar\/site\/gran-avance-en-el-proceso-de-pension-jubilatoria-para-los-bomberos\/","title":{"rendered":"GRAN AVANCE EN EL PROCESO DE PENSI\u00d3N JUBILATORIA PARA LOS BOMBEROS"},"content":{"rendered":"<p>&nbsp;<\/p>\n<p>El gobernador Carlos Verna firm\u00f3 el viernes 15 de marzo el decreto reglamentario de dos art\u00edculos de la Ley Provincial 3025, que rigen el sistema de acceso al beneficio de las pensiones graciables dispuestas por la norma para bomberas y bomberos que cumplan con ciertos requisitos.<\/p>\n<p>La noticia fue recibida con mucha expectativa por nuestra Federaci\u00f3n, ya que justamente el viernes se hab\u00eda convocado a los 16 bomberos y a la bombera que est\u00e1n en condiciones de percibir el beneficio. Dicho tr\u00e1mite hab\u00eda comenzado a mediados del a\u00f1o pasado y se encontraba estancado al no contar la ley con la reglamentaci\u00f3n necesaria.<\/p>\n<p>El presidente de la Federaci\u00f3n, Ariel Alejo, explic\u00f3 de manera detallada a los y las participantes de la reuni\u00f3n cada uno de los pasos que se hab\u00edan seguido hasta el momento, haciendo hincapi\u00e9 en los detalles de cada uno de los 17 expedientes que esperan su resoluci\u00f3n.<\/p>\n<p>\u201cEsperamos sinceramente que esta reglamentaci\u00f3n que se nos dio a conocer hoy, facilite la tramitaci\u00f3n del beneficio para estos servidores p\u00fablicos que tanto han hecho por sus comunidades\u201d, expres\u00f3 Alejo. Las palabras finales fueron de agradecimiento para ellos, a quienes se convoc\u00f3 a seguir participando del Sistema Provincial aportando fundamentalmente su experiencia y su voluntad.<\/p>\n<div class=\"oasis-despues-del-contenido\" id=\"oasis-289185356\"><img loading=\"lazy\" decoding=\"async\" src=\"https:\/\/oasisfm935.com.ar\/site\/wp-content\/uploads\/2020\/08\/47806202-8741-49f2-a5c9-d2f930e5baa1.jpg\" alt=\"\"  srcset=\"https:\/\/oasisfm935.com.ar\/site\/wp-content\/uploads\/2020\/08\/47806202-8741-49f2-a5c9-d2f930e5baa1.jpg 1080w, https:\/\/oasisfm935.com.ar\/site\/wp-content\/uploads\/2020\/08\/47806202-8741-49f2-a5c9-d2f930e5baa1-300x300.jpg 300w, https:\/\/oasisfm935.com.ar\/site\/wp-content\/uploads\/2020\/08\/47806202-8741-49f2-a5c9-d2f930e5baa1-1024x1024.jpg 1024w, https:\/\/oasisfm935.com.ar\/site\/wp-content\/uploads\/2020\/08\/47806202-8741-49f2-a5c9-d2f930e5baa1-150x150.jpg 150w, https:\/\/oasisfm935.com.ar\/site\/wp-content\/uploads\/2020\/08\/47806202-8741-49f2-a5c9-d2f930e5baa1-768x768.jpg 768w\" sizes=\"(max-width: 1080px) 100vw, 1080px\" class=\"no-lazyload\" width=\"1080\" height=\"1080\"  style=\"display: inline-block;\" \/><\/div>","protected":false},"excerpt":{"rendered":"<p>&nbsp; El gobernador Carlos Verna firm\u00f3 el viernes 15 de marzo el decreto reglamentario de dos art\u00edculos de la Ley Provincial 3025,<\/p>\n","protected":false},"author":4,"featured_media":1088,"comment_status":"closed","ping_status":"open","sticky":false,"template":"","format":"standard","meta":{"colormag_page_layout":"default_layout","footnotes":""},"categories":[2],"tags":[],"class_list":["post-1087","post","type-post","status-publish","format-standard","has-post-thumbnail","hentry","category-noticias"],"_links":{"self":[{"href":"https:\/\/oasisfm935.com.ar\/site\/wp-json\/wp\/v2\/posts\/1087","targetHints":{"allow":["GET"]}}],"collection":[{"href":"https:\/\/oasisfm935.com.ar\/site\/wp-json\/wp\/v2\/posts"}],"about":[{"href":"https:\/\/oasisfm935.com.ar\/site\/wp-json\/wp\/v2\/types\/post"}],"author":[{"embeddable":true,"href":"https:\/\/oasisfm935.com.ar\/site\/wp-json\/wp\/v2\/users\/4"}],"replies":[{"embeddable":true,"href":"https:\/\/oasisfm935.com.ar\/site\/wp-json\/wp\/v2\/comments?post=1087"}],"version-history":[{"count":1,"href":"https:\/\/oasisfm935.com.ar\/site\/wp-json\/wp\/v2\/posts\/1087\/revisions"}],"predecessor-version":[{"id":1089,"href":"https:\/\/oasisfm935.com.ar\/site\/wp-json\/wp\/v2\/posts\/1087\/revisions\/1089"}],"wp:featuredmedia":[{"embeddable":true,"href":"https:\/\/oasisfm935.com.ar\/site\/wp-json\/wp\/v2\/media\/1088"}],"wp:attachment":[{"href":"https:\/\/oasisfm935.com.ar\/site\/wp-json\/wp\/v2\/media?parent=1087"}],"wp:term":[{"taxonomy":"category","embeddable":true,"href":"https:\/\/oasisfm935.com.ar\/site\/wp-json\/wp\/v2\/categories?post=1087"},{"taxonomy":"post_tag","embeddable":true,"href":"https:\/\/oasisfm935.com.ar\/site\/wp-json\/wp\/v2\/tags?post=1087"}],"curies":[{"name":"wp","href":"https:\/\/api.w.org\/{rel}","templated":true}]}}