{"id":1120,"date":"2019-03-18T11:56:25","date_gmt":"2019-03-18T14:56:25","guid":{"rendered":"http:\/\/oasisfm935.com\/site\/?p=1120"},"modified":"2019-03-18T11:56:25","modified_gmt":"2019-03-18T14:56:25","slug":"urgente-tierno-propone-que-cada-preso-pague-su-estadia-en-la-carcel","status":"publish","type":"post","link":"https:\/\/oasisfm935.com.ar\/site\/urgente-tierno-propone-que-cada-preso-pague-su-estadia-en-la-carcel\/","title":{"rendered":"URGENTE : TIERNO PROPONE QUE CADA PRESO PAGUE SU ESTAD\u00cdA EN LA C\u00c1RCEL."},"content":{"rendered":"<p>&nbsp;<\/p>\n<p>En la ma\u00f1ana de hoy dialogamos con\u00a0 Juan Carlos Tierno, exministro de Seguridad de La Pampa y candidato a gobernador por su partido \u00abComunidad Organizada\u00bb, dijo que en caso de llegar a Casa de Gobierno\u00a0va a crear el Servicio Penitenciario Provincial\u00a0y\u00a0har\u00e1 que cada preso pague, con su trabajo, la estad\u00eda en la c\u00e1rcel.<\/p>\n<p><em><strong>\u00abVamos a crear el Servicio Penitenciario Provincial, hoy no hay lugar para meter un preso en La Pampa, est\u00e1n hacinados en lugares Federales, en la Alcaid\u00eda, prepar\u00e1ndose en esa situaci\u00f3n de hacinamiento para salir a delinquir en otras dimensiones y gravedad.<\/strong><\/em><\/p>\n<p><em><strong>El Servicio Penitenciario Provincial que vamos a crear va a tener a todas las personas que cumplen una condena trabajando adentro, para la\u00a0resocializaci\u00f3n y para pagar el costo de su prisi\u00f3n, y para mandarle dinero a sus familias. Hace cuarenta a\u00f1os atr\u00e1s en la Colonia Penal de Santa Rosa\u00a0todos los presos trabajaban no picando piedras , trabajaban para su resocializaci\u00f3n en el aprendizaje mediante talleres, de carpinter\u00eda, de herrer\u00eda, en mec\u00e1nica, y tambi\u00e9n fabricaban el pan . Es decir hab\u00eda presos pero trabajaban y produc\u00edan, eso mismo vamos a implementar con la creaci\u00f3n del Servicio Penitenciario Provincial\u00bb<\/strong><\/em><\/p>\n<div class=\"oasis-despues-del-contenido\" id=\"oasis-3564855301\"><img loading=\"lazy\" decoding=\"async\" src=\"https:\/\/oasisfm935.com.ar\/site\/wp-content\/uploads\/2020\/08\/47806202-8741-49f2-a5c9-d2f930e5baa1.jpg\" alt=\"\"  srcset=\"https:\/\/oasisfm935.com.ar\/site\/wp-content\/uploads\/2020\/08\/47806202-8741-49f2-a5c9-d2f930e5baa1.jpg 1080w, https:\/\/oasisfm935.com.ar\/site\/wp-content\/uploads\/2020\/08\/47806202-8741-49f2-a5c9-d2f930e5baa1-300x300.jpg 300w, https:\/\/oasisfm935.com.ar\/site\/wp-content\/uploads\/2020\/08\/47806202-8741-49f2-a5c9-d2f930e5baa1-1024x1024.jpg 1024w, https:\/\/oasisfm935.com.ar\/site\/wp-content\/uploads\/2020\/08\/47806202-8741-49f2-a5c9-d2f930e5baa1-150x150.jpg 150w, https:\/\/oasisfm935.com.ar\/site\/wp-content\/uploads\/2020\/08\/47806202-8741-49f2-a5c9-d2f930e5baa1-768x768.jpg 768w\" sizes=\"(max-width: 1080px) 100vw, 1080px\" class=\"no-lazyload\" width=\"1080\" height=\"1080\"  style=\"display: inline-block;\" \/><\/div>","protected":false},"excerpt":{"rendered":"<p>&nbsp; En la ma\u00f1ana de hoy dialogamos con\u00a0 Juan Carlos Tierno, exministro de Seguridad de La Pampa y candidato a gobernador por<\/p>\n","protected":false},"author":4,"featured_media":1122,"comment_status":"closed","ping_status":"open","sticky":false,"template":"","format":"standard","meta":{"colormag_page_layout":"default_layout","footnotes":""},"categories":[2],"tags":[],"class_list":["post-1120","post","type-post","status-publish","format-standard","has-post-thumbnail","hentry","category-noticias"],"_links":{"self":[{"href":"https:\/\/oasisfm935.com.ar\/site\/wp-json\/wp\/v2\/posts\/1120","targetHints":{"allow":["GET"]}}],"collection":[{"href":"https:\/\/oasisfm935.com.ar\/site\/wp-json\/wp\/v2\/posts"}],"about":[{"href":"https:\/\/oasisfm935.com.ar\/site\/wp-json\/wp\/v2\/types\/post"}],"author":[{"embeddable":true,"href":"https:\/\/oasisfm935.com.ar\/site\/wp-json\/wp\/v2\/users\/4"}],"replies":[{"embeddable":true,"href":"https:\/\/oasisfm935.com.ar\/site\/wp-json\/wp\/v2\/comments?post=1120"}],"version-history":[{"count":1,"href":"https:\/\/oasisfm935.com.ar\/site\/wp-json\/wp\/v2\/posts\/1120\/revisions"}],"predecessor-version":[{"id":1123,"href":"https:\/\/oasisfm935.com.ar\/site\/wp-json\/wp\/v2\/posts\/1120\/revisions\/1123"}],"wp:featuredmedia":[{"embeddable":true,"href":"https:\/\/oasisfm935.com.ar\/site\/wp-json\/wp\/v2\/media\/1122"}],"wp:attachment":[{"href":"https:\/\/oasisfm935.com.ar\/site\/wp-json\/wp\/v2\/media?parent=1120"}],"wp:term":[{"taxonomy":"category","embeddable":true,"href":"https:\/\/oasisfm935.com.ar\/site\/wp-json\/wp\/v2\/categories?post=1120"},{"taxonomy":"post_tag","embeddable":true,"href":"https:\/\/oasisfm935.com.ar\/site\/wp-json\/wp\/v2\/tags?post=1120"}],"curies":[{"name":"wp","href":"https:\/\/api.w.org\/{rel}","templated":true}]}}