{"id":1142,"date":"2019-03-20T17:58:38","date_gmt":"2019-03-20T20:58:38","guid":{"rendered":"http:\/\/oasisfm935.com\/site\/?p=1142"},"modified":"2019-03-20T17:58:38","modified_gmt":"2019-03-20T20:58:38","slug":"carlos-verna-emitio-un-mensaje-dirigido-a-todos-los-pampeanos","status":"publish","type":"post","link":"https:\/\/oasisfm935.com.ar\/site\/carlos-verna-emitio-un-mensaje-dirigido-a-todos-los-pampeanos\/","title":{"rendered":"Carlos Verna emiti\u00f3 un mensaje dirigido a todos los pampeanos"},"content":{"rendered":"<p><strong>El gobernador Carlos Verna dirigi\u00f3 un mensaje a los pampeanos para agradecerles \u201cel respaldo enorme\u201d que le dieron en el proceso de recuperaci\u00f3n de su salud y revel\u00f3 los motivos que lo llevaron a proponer a Sergio Ziliotto como candidato a gobernador.<\/strong><\/p>\n<p>&nbsp;<\/p>\n<p>\u201cTiene el perfil para darle continuidad al crecimiento de nuestra provincia\u201d y \u201ces un hombre de gesti\u00f3n\u201d precis\u00f3 Verna, al tiempo que confi\u00f3 en que \u201c ser\u00e1 el pr\u00f3ximo gobernador de La Pampa, y va a ser un gran gobernador\u201d.<\/p>\n<p>El texto del mensaje a las familias pampenas es el siguiente:<br \/>\nQuerido\/a comprovinciano\/a:<\/p>\n<p>Quiero agradecerte a vos, a tu familia y a toda la sociedad pampeana, el respaldo enorme que me dieron para encarar mi recuperaci\u00f3n. La energ\u00eda de cada comprovinciano ha sido fundamental para m\u00ed. Sobre todo en este tiempo, en el que tambi\u00e9n he tenido que avanzar en la responsabilidad de proponer un candidato peronista para competir en las pr\u00f3ximas elecciones provinciales.<\/p>\n<p>Quiero contarte que, cuando propuse a Sergio Ziliotto como gobernador por el peronismo pampeano, lo hice pensado en alguien que yo mismo no dudar\u00eda en votar. Cuando asum\u00ed este gran compromiso, pens\u00e9 en el mejor perfil para este momento. En un perfil que hoy pudiera darle continuidad al crecimiento de nuestra provincia para que siga su desarrollo.<\/p>\n<p>Conf\u00edo en que Sergio va a ser el pr\u00f3ximo gobernador de La Pampa, y va a ser un gran gobernador.<\/p>\n<p>En mi primer mandato fue ministro de Bienestar Social, desarroll\u00f3 el programa Pilqu\u00e9n, proyecto que dio origen a la actual tarjeta alimentaria. Es un hombre de gesti\u00f3n y hace tres a\u00f1os que se luce en la C\u00e1mara de Diputados de la Naci\u00f3n.<\/p>\n<p>Juntos, trabajamos en un plan para crear fideicomisos con la plata que nos debe Naci\u00f3n sabiendo que esta idea nos va a permitir asegurar m\u00e1s puestos de trabajo privado para los pampeanos.<\/p>\n<p>Sergio Ziliotto ha defendido los derechos sobre nuestros r\u00edos, el bienestar de nuestros jubilados y cada cosa que el Gobierno de Macri nos ha intentado quitar.<\/p>\n<p>\u00bfPor qu\u00e9 lo propuse? Porque hay que seguir defendiendo a La Pampa. Porque conf\u00edo en \u00e9l y en su trabajo. Conf\u00edo en el proyecto que compartimos desde 2003, y s\u00e9 que en 2019 va a quedar en buenas manos. Yo voto a Sergio Ziliotto. Yo voto por La Pampa. Te invito a que lo votes conmigo.<\/p>\n<p>Un abrazo afectuoso.<\/p>\n<div class=\"oasis-despues-del-contenido\" id=\"oasis-2301640232\"><img loading=\"lazy\" decoding=\"async\" src=\"https:\/\/oasisfm935.com.ar\/site\/wp-content\/uploads\/2020\/08\/47806202-8741-49f2-a5c9-d2f930e5baa1.jpg\" alt=\"\"  srcset=\"https:\/\/oasisfm935.com.ar\/site\/wp-content\/uploads\/2020\/08\/47806202-8741-49f2-a5c9-d2f930e5baa1.jpg 1080w, https:\/\/oasisfm935.com.ar\/site\/wp-content\/uploads\/2020\/08\/47806202-8741-49f2-a5c9-d2f930e5baa1-300x300.jpg 300w, https:\/\/oasisfm935.com.ar\/site\/wp-content\/uploads\/2020\/08\/47806202-8741-49f2-a5c9-d2f930e5baa1-1024x1024.jpg 1024w, https:\/\/oasisfm935.com.ar\/site\/wp-content\/uploads\/2020\/08\/47806202-8741-49f2-a5c9-d2f930e5baa1-150x150.jpg 150w, https:\/\/oasisfm935.com.ar\/site\/wp-content\/uploads\/2020\/08\/47806202-8741-49f2-a5c9-d2f930e5baa1-768x768.jpg 768w\" sizes=\"(max-width: 1080px) 100vw, 1080px\" class=\"no-lazyload\" width=\"1080\" height=\"1080\"  style=\"display: inline-block;\" \/><\/div>","protected":false},"excerpt":{"rendered":"<p>El gobernador Carlos Verna dirigi\u00f3 un mensaje a los pampeanos para agradecerles \u201cel respaldo enorme\u201d que le dieron en el proceso de<\/p>\n","protected":false},"author":4,"featured_media":1143,"comment_status":"closed","ping_status":"open","sticky":false,"template":"","format":"standard","meta":{"colormag_page_layout":"default_layout","footnotes":""},"categories":[2],"tags":[],"class_list":["post-1142","post","type-post","status-publish","format-standard","has-post-thumbnail","hentry","category-noticias"],"_links":{"self":[{"href":"https:\/\/oasisfm935.com.ar\/site\/wp-json\/wp\/v2\/posts\/1142","targetHints":{"allow":["GET"]}}],"collection":[{"href":"https:\/\/oasisfm935.com.ar\/site\/wp-json\/wp\/v2\/posts"}],"about":[{"href":"https:\/\/oasisfm935.com.ar\/site\/wp-json\/wp\/v2\/types\/post"}],"author":[{"embeddable":true,"href":"https:\/\/oasisfm935.com.ar\/site\/wp-json\/wp\/v2\/users\/4"}],"replies":[{"embeddable":true,"href":"https:\/\/oasisfm935.com.ar\/site\/wp-json\/wp\/v2\/comments?post=1142"}],"version-history":[{"count":1,"href":"https:\/\/oasisfm935.com.ar\/site\/wp-json\/wp\/v2\/posts\/1142\/revisions"}],"predecessor-version":[{"id":1144,"href":"https:\/\/oasisfm935.com.ar\/site\/wp-json\/wp\/v2\/posts\/1142\/revisions\/1144"}],"wp:featuredmedia":[{"embeddable":true,"href":"https:\/\/oasisfm935.com.ar\/site\/wp-json\/wp\/v2\/media\/1143"}],"wp:attachment":[{"href":"https:\/\/oasisfm935.com.ar\/site\/wp-json\/wp\/v2\/media?parent=1142"}],"wp:term":[{"taxonomy":"category","embeddable":true,"href":"https:\/\/oasisfm935.com.ar\/site\/wp-json\/wp\/v2\/categories?post=1142"},{"taxonomy":"post_tag","embeddable":true,"href":"https:\/\/oasisfm935.com.ar\/site\/wp-json\/wp\/v2\/tags?post=1142"}],"curies":[{"name":"wp","href":"https:\/\/api.w.org\/{rel}","templated":true}]}}