{"id":1145,"date":"2019-03-20T19:32:18","date_gmt":"2019-03-20T22:32:18","guid":{"rendered":"http:\/\/oasisfm935.com\/site\/?p=1145"},"modified":"2019-03-20T19:32:18","modified_gmt":"2019-03-20T22:32:18","slug":"el-concejal-luiggense-gustavo-salvadori-destaco-que-el-tema-de-la-fumigacion-es-una-prioridad","status":"publish","type":"post","link":"https:\/\/oasisfm935.com.ar\/site\/el-concejal-luiggense-gustavo-salvadori-destaco-que-el-tema-de-la-fumigacion-es-una-prioridad\/","title":{"rendered":"El concejal luiggense Gustavo Salvadori destac\u00f3 que \u201cel tema de la fumigaci\u00f3n es una prioridad\u201d"},"content":{"rendered":"<p>&nbsp;<\/p>\n<div class=\"itemIntroText\">\n<p><strong>El \u00a0presidente del Bloque del Frepam de Ingeniero Luiggi Gustavo Salvadori<\/strong>\u00a0\u00a0se refiri\u00f3 a algunos proyectos en los que trabajar\u00e1 el Concejo Deliberante este a\u00f1o. Destac\u00f3 que el tema de la fumigaci\u00f3n \u201c<strong>es una prioridad\u201d.<\/strong><\/p>\n<\/div>\n<div class=\"itemFullText\">\n<blockquote><p>En di\u00e1logo con\u00a0<strong>Zonal Noticias<\/strong>\u00a0explic\u00f3 \u201ceste es un a\u00f1o de elecciones, complicado econ\u00f3micamente, pero el\u00a0 Concejo \u00a0Deliberante no se involucra con las elecciones, \u00a0hay que trabajar y luchar por la gente, a trav\u00e9s de ordenanzas, ayudas, escuch\u00e1ndola\u201d.<\/p><\/blockquote>\n<p><strong>\u201cNosotros nos debemos a la gente, el voto lo obtuvimos a trav\u00e9s de \u00a0ellos. Lo digo porque dentro del CD puede haber alguien que est\u00e9 en una lista, \u00a0pero no se tiene que mezclar una cosa con la otra, el Cuerpo \u00a0tiene que trabajar con este gobierno actual y para todo el pueblo<\/strong>\u201d, indic\u00f3.<\/p>\n<p>En este sentido Salvador \u00a0se\u00f1al\u00f3\u00a0<strong>\u201cno quiero que se produzca esa mezcla pol\u00edtica dentro del Concejo\u201d.<\/strong><\/p>\n<p>El edil del Frepam manifest\u00f3 \u201cvamos a tratar hacer un\u00a0 trabajo consensuado, somos dos bloques, no tenemos ideas iguales, pero debemos llegar al consenso, en algunas cosas no lo logramos, pero lo charlamos como corresponde\u201d.<\/p>\n<hr \/>\n<p><strong>Fumigaci\u00f3n<\/strong><\/p>\n<blockquote><p>Al hablar de algunos proyectos que a\u00fan no se concretaron, mencion\u00f3 \u201c<strong>hay un tema muy importante que es el tema de la fumigaci\u00f3n, estamos viendo las leyes de Provincia y de Naci\u00f3n para llegar a un l\u00edmite\u201d.<\/strong><\/p>\n<p><strong>\u201cHoy este tema es una prioridad<\/strong>, me refiero a las m\u00e1quinas, dep\u00f3sitos, traslado dentro de la localidad, limitaciones de distancia, y estamos con ese proyecto pendiente que lo vamos a tratar de terminar este a\u00f1o\u201d, explic\u00f3.<\/p><\/blockquote>\n<p><strong>Tambi\u00e9n se refiri\u00f3 al proyecto de la ciclov\u00eda y un circuito de bicicletas para los m\u00e1s chiquitos.<\/strong><\/p>\n<blockquote><p>\u201cEs un proyecto que present\u00f3\u00a0 el bloque del Frepam para la escuela 250, todo depende del tema econ\u00f3mico. Hoy en d\u00eda hay mucha gente que sale a caminar o andar en bici por el acceso norte y sabemos que circulan sobre el asfalto, una ciclo v\u00eda ser\u00eda ideal all\u00ed\u201d, expres\u00f3.<\/p>\n<hr \/>\n<\/blockquote>\n<p><strong>Desag\u00fces<\/strong><\/p>\n<p>Salvadori se refiri\u00f3 tambi\u00e9n al tema de los desag\u00fces en el canal de conexi\u00f3n, para poder desagotar el agua que entra a la localidad.<\/p>\n<blockquote><p>\u201c Sigo insistiendo en un proyecto importante,\u00a0 la escuela H\u00e9roes de la Patria ten\u00eda un proyecto en cuanto al resumidero, hoy tenemos un nivel superior a lo que tiene el asfalto de la calle, lo que produce que el agua no se escurra r\u00e1pidamente\u201d, explic\u00f3.<\/p><\/blockquote>\n<p>El concejal indic\u00f3 \u201c<strong>el resumidero es una etapa importante, en cuanto a poder limpiarlo y abrir su antigua profundidad\u201d.<\/strong><\/p>\n<p>Plante\u00f3 que el colegio secundario\u00a0 tiene un proyecto importante en cuanto a plantas, \u201c<strong>entonces ser\u00eda muy importante poder hacerlo, solucionar\u00eda un parte fundamental del agua en este barrio\u201d.<\/strong><\/p>\n<p>\u201cYo entiendo al vecino, nadie quiere tener el agua dentro de la casa, entonces hay que ponerse de su lado\u201d, analiz\u00f3.<\/p>\n<p>Salvadori expres\u00f3\u00a0 \u201c<strong>proyectos siempre hay, el tema es poder concretarlos en cuanto a lo econ\u00f3mico. Uno siempre piensa en la localidad y en el beneficio para la gente. Quiero agradecer a la toda la poblaci\u00f3n por el aguante, que nos escucha, a veces vienen a agradecer\u201d.<\/strong><\/p>\n<p>Por \u00faltimo destac\u00f3 que \u201cla poblaci\u00f3n no participa directamente en el CD en las reuniones, pero escuchamos sus reclamos, porque no somos solo Concejales en las reuniones, sino las 24 horas\u201d.<\/p>\n<blockquote><p>\u201cUno siempre escucha los reclamos de los vecinos y trata de solucionarlos\u201d, concluy\u00f3.<\/p><\/blockquote>\n<p>&nbsp;<\/p>\n<\/div>\n<div class=\"oasis-despues-del-contenido\" id=\"oasis-3915913262\"><img loading=\"lazy\" decoding=\"async\" src=\"https:\/\/oasisfm935.com.ar\/site\/wp-content\/uploads\/2020\/08\/47806202-8741-49f2-a5c9-d2f930e5baa1.jpg\" alt=\"\"  srcset=\"https:\/\/oasisfm935.com.ar\/site\/wp-content\/uploads\/2020\/08\/47806202-8741-49f2-a5c9-d2f930e5baa1.jpg 1080w, https:\/\/oasisfm935.com.ar\/site\/wp-content\/uploads\/2020\/08\/47806202-8741-49f2-a5c9-d2f930e5baa1-300x300.jpg 300w, https:\/\/oasisfm935.com.ar\/site\/wp-content\/uploads\/2020\/08\/47806202-8741-49f2-a5c9-d2f930e5baa1-1024x1024.jpg 1024w, https:\/\/oasisfm935.com.ar\/site\/wp-content\/uploads\/2020\/08\/47806202-8741-49f2-a5c9-d2f930e5baa1-150x150.jpg 150w, https:\/\/oasisfm935.com.ar\/site\/wp-content\/uploads\/2020\/08\/47806202-8741-49f2-a5c9-d2f930e5baa1-768x768.jpg 768w\" sizes=\"(max-width: 1080px) 100vw, 1080px\" class=\"no-lazyload\" width=\"1080\" height=\"1080\"  style=\"display: inline-block;\" \/><\/div>","protected":false},"excerpt":{"rendered":"<p>&nbsp; El \u00a0presidente del Bloque del Frepam de Ingeniero Luiggi Gustavo Salvadori\u00a0\u00a0se refiri\u00f3 a algunos proyectos en los que trabajar\u00e1 el Concejo<\/p>\n","protected":false},"author":4,"featured_media":1146,"comment_status":"closed","ping_status":"open","sticky":false,"template":"","format":"standard","meta":{"colormag_page_layout":"default_layout","footnotes":""},"categories":[2],"tags":[],"class_list":["post-1145","post","type-post","status-publish","format-standard","has-post-thumbnail","hentry","category-noticias"],"_links":{"self":[{"href":"https:\/\/oasisfm935.com.ar\/site\/wp-json\/wp\/v2\/posts\/1145","targetHints":{"allow":["GET"]}}],"collection":[{"href":"https:\/\/oasisfm935.com.ar\/site\/wp-json\/wp\/v2\/posts"}],"about":[{"href":"https:\/\/oasisfm935.com.ar\/site\/wp-json\/wp\/v2\/types\/post"}],"author":[{"embeddable":true,"href":"https:\/\/oasisfm935.com.ar\/site\/wp-json\/wp\/v2\/users\/4"}],"replies":[{"embeddable":true,"href":"https:\/\/oasisfm935.com.ar\/site\/wp-json\/wp\/v2\/comments?post=1145"}],"version-history":[{"count":1,"href":"https:\/\/oasisfm935.com.ar\/site\/wp-json\/wp\/v2\/posts\/1145\/revisions"}],"predecessor-version":[{"id":1147,"href":"https:\/\/oasisfm935.com.ar\/site\/wp-json\/wp\/v2\/posts\/1145\/revisions\/1147"}],"wp:featuredmedia":[{"embeddable":true,"href":"https:\/\/oasisfm935.com.ar\/site\/wp-json\/wp\/v2\/media\/1146"}],"wp:attachment":[{"href":"https:\/\/oasisfm935.com.ar\/site\/wp-json\/wp\/v2\/media?parent=1145"}],"wp:term":[{"taxonomy":"category","embeddable":true,"href":"https:\/\/oasisfm935.com.ar\/site\/wp-json\/wp\/v2\/categories?post=1145"},{"taxonomy":"post_tag","embeddable":true,"href":"https:\/\/oasisfm935.com.ar\/site\/wp-json\/wp\/v2\/tags?post=1145"}],"curies":[{"name":"wp","href":"https:\/\/api.w.org\/{rel}","templated":true}]}}