{"id":1149,"date":"2019-03-20T22:03:35","date_gmt":"2019-03-21T01:03:35","guid":{"rendered":"http:\/\/oasisfm935.com\/site\/?p=1149"},"modified":"2019-03-20T22:03:35","modified_gmt":"2019-03-21T01:03:35","slug":"fue-mentira-quedo-libre-el-joven-acusado-de-secuestrar-y-atar-a-su-ex-en-la-municipalidad-de-arata","status":"publish","type":"post","link":"https:\/\/oasisfm935.com.ar\/site\/fue-mentira-quedo-libre-el-joven-acusado-de-secuestrar-y-atar-a-su-ex-en-la-municipalidad-de-arata\/","title":{"rendered":"\u00bfFUE MENTIRA? QUED\u00d3 LIBRE EL JOVEN ACUSADO DE SECUESTRAR Y ATAR A SU EX EN LA MUNICIPALIDAD DE ARATA."},"content":{"rendered":"<p>&nbsp;<\/p>\n<div class=\"detalle\">\u00abMi cliente no se movi\u00f3 de Caleuf\u00fa\u00bb dijo el abogado defensor. \u00abHubo muchas contradicciones de la menor en la c\u00e1mara Gesell&#8217;<\/div>\n<p>&nbsp;<\/p>\n<p>El Abogado de Lucas P\u00e9rez el Dr. Mart\u00edn Herrera\u00a0Galvagno, di\u00e1logo con En Boca de Todos HD sobre este caso que habr\u00eda ocurrido en la localidad de Arata, donde una menor de edad denunci\u00f3 que su ex pareja la hab\u00eda obligado a ir sin su consentimiento hasta la Municipalidad de dicha localidad, la habr\u00eda atado y luego abandonado en ese lugar.<\/p>\n<p>Galvagno, coment\u00f3 que finalmente su defendido qued\u00f3 en libertad luego de demostrar con testigos, un video y otras pruebas, que P\u00e9rez siempre estuvo en la localidad de Caleuf\u00fa y el no fue quien habr\u00eda cometido este hecho.<\/p>\n<p>La investigaci\u00f3n continuar\u00e1, pero el joven que estuvo 5 d\u00edas preso, cobr\u00f3 su libertad y estar\u00e1 ligado a la causa por un tiempo m\u00e1s, pero se espera que sea sobrese\u00eddo.<\/p>\n<div class=\"oasis-despues-del-contenido\" id=\"oasis-3853874235\"><img loading=\"lazy\" decoding=\"async\" src=\"https:\/\/oasisfm935.com.ar\/site\/wp-content\/uploads\/2020\/08\/47806202-8741-49f2-a5c9-d2f930e5baa1.jpg\" alt=\"\"  srcset=\"https:\/\/oasisfm935.com.ar\/site\/wp-content\/uploads\/2020\/08\/47806202-8741-49f2-a5c9-d2f930e5baa1.jpg 1080w, https:\/\/oasisfm935.com.ar\/site\/wp-content\/uploads\/2020\/08\/47806202-8741-49f2-a5c9-d2f930e5baa1-300x300.jpg 300w, https:\/\/oasisfm935.com.ar\/site\/wp-content\/uploads\/2020\/08\/47806202-8741-49f2-a5c9-d2f930e5baa1-1024x1024.jpg 1024w, https:\/\/oasisfm935.com.ar\/site\/wp-content\/uploads\/2020\/08\/47806202-8741-49f2-a5c9-d2f930e5baa1-150x150.jpg 150w, https:\/\/oasisfm935.com.ar\/site\/wp-content\/uploads\/2020\/08\/47806202-8741-49f2-a5c9-d2f930e5baa1-768x768.jpg 768w\" sizes=\"(max-width: 1080px) 100vw, 1080px\" class=\"no-lazyload\" width=\"1080\" height=\"1080\"  style=\"display: inline-block;\" \/><\/div>","protected":false},"excerpt":{"rendered":"<p>&nbsp; \u00abMi cliente no se movi\u00f3 de Caleuf\u00fa\u00bb dijo el abogado defensor. \u00abHubo muchas contradicciones de la menor en la c\u00e1mara Gesell&#8217;<\/p>\n","protected":false},"author":4,"featured_media":1150,"comment_status":"closed","ping_status":"open","sticky":false,"template":"","format":"standard","meta":{"colormag_page_layout":"default_layout","footnotes":""},"categories":[2],"tags":[],"class_list":["post-1149","post","type-post","status-publish","format-standard","has-post-thumbnail","hentry","category-noticias"],"_links":{"self":[{"href":"https:\/\/oasisfm935.com.ar\/site\/wp-json\/wp\/v2\/posts\/1149","targetHints":{"allow":["GET"]}}],"collection":[{"href":"https:\/\/oasisfm935.com.ar\/site\/wp-json\/wp\/v2\/posts"}],"about":[{"href":"https:\/\/oasisfm935.com.ar\/site\/wp-json\/wp\/v2\/types\/post"}],"author":[{"embeddable":true,"href":"https:\/\/oasisfm935.com.ar\/site\/wp-json\/wp\/v2\/users\/4"}],"replies":[{"embeddable":true,"href":"https:\/\/oasisfm935.com.ar\/site\/wp-json\/wp\/v2\/comments?post=1149"}],"version-history":[{"count":1,"href":"https:\/\/oasisfm935.com.ar\/site\/wp-json\/wp\/v2\/posts\/1149\/revisions"}],"predecessor-version":[{"id":1151,"href":"https:\/\/oasisfm935.com.ar\/site\/wp-json\/wp\/v2\/posts\/1149\/revisions\/1151"}],"wp:featuredmedia":[{"embeddable":true,"href":"https:\/\/oasisfm935.com.ar\/site\/wp-json\/wp\/v2\/media\/1150"}],"wp:attachment":[{"href":"https:\/\/oasisfm935.com.ar\/site\/wp-json\/wp\/v2\/media?parent=1149"}],"wp:term":[{"taxonomy":"category","embeddable":true,"href":"https:\/\/oasisfm935.com.ar\/site\/wp-json\/wp\/v2\/categories?post=1149"},{"taxonomy":"post_tag","embeddable":true,"href":"https:\/\/oasisfm935.com.ar\/site\/wp-json\/wp\/v2\/tags?post=1149"}],"curies":[{"name":"wp","href":"https:\/\/api.w.org\/{rel}","templated":true}]}}