{"id":1156,"date":"2019-03-21T11:13:18","date_gmt":"2019-03-21T14:13:18","guid":{"rendered":"http:\/\/oasisfm935.com\/site\/?p=1156"},"modified":"2019-03-21T11:13:18","modified_gmt":"2019-03-21T14:13:18","slug":"macri-pidio-remarla-un-poco-mas-sin-llorarla","status":"publish","type":"post","link":"https:\/\/oasisfm935.com.ar\/site\/macri-pidio-remarla-un-poco-mas-sin-llorarla\/","title":{"rendered":"Macri pidi\u00f3 \u201cremarla un poco m\u00e1s, sin llorarla\u201d"},"content":{"rendered":"<p>l presidente Mauricio Macri, pidi\u00f3 \u201cremarla un poco m\u00e1s, sin llorarla\u201d. \u00a0Cuestion\u00f3 al exministro de Econom\u00eda, Roberto Lavagna, y afirm\u00f3: \u201cHay que poner el hombro, hay que remar un poco m\u00e1s porque de todo lo que se hered\u00f3 no se sale de un d\u00eda para el otro\u201d.<\/p>\n<p>Macri habl\u00f3 en una reuni\u00f3n de Gabinete ampliado que se realiz\u00f3 en el Centro Cultural Kirchner. \u201c<strong>Estoy caliente, siempre me calent\u00f3 la mentira, y otra vez vuelvo a escuchar a los que vienen a proponer ese atajo, esa soluci\u00f3n m\u00e1gica que nos releva de seguir este camino de trepar la monta\u00f1a con orgullo, con esfuerzo. \u00a1Es inaguantable, no lo puedo soportar!<\/strong>\u201c, vocifer\u00f3.<\/p>\n<p>El jefe de Estado apunt\u00f3 sus ca\u00f1ones contra Roberto Lavagna, a quien parece haber elegido como enemigo en el inicio de la campa\u00f1a: \u201c<strong>Escucho que algunos dicen que esto se arregla creciendo, \u00a1\u00bfqui\u00e9n no quiere crecer, qui\u00e9n no quiere crecer?!. P<\/strong><strong>a<\/strong><strong>r<\/strong><strong>a<\/strong><strong>\u00a0crecer, primero tenemos que hacer cosas de base<\/strong>\u201c, argument\u00f3.<\/p>\n<p>El exministro de Econom\u00eda de Eduardo Duhalde y N\u00e9stor Kirchner\u00a0record\u00f3 el lunes en una nota con Infobae\u00a0que bajo su gesti\u00f3n el pa\u00eds hab\u00eda incrementado su PBI a un ritmo de 9% anual. Fue como r\u00e9plica a las chicanas que hab\u00eda lanzado un d\u00eda anterior Macri, quien lo se\u00f1al\u00f3 como el padre de la herencia econ\u00f3mica.<\/p>\n<p>Macri convoc\u00f3 a los dirigentes que forman parte de Cambiemos a que le expliquen a los argentinos que el modelo que econ\u00f3mico que propone su administraci\u00f3n pretende generar mejores oportunidades para las pr\u00f3ximas generaciones.<\/p>\n<p>\u201cPor ac\u00e1 todos vamos al futuro, por ac\u00e1 sus hijos van a tener mejor oportunidades que las que tuvieron ustedes, por ac\u00e1 todos vamos a sentirnos incluidos, parte, vitales, fuertes, entusiasmados.\u00a0<strong>Pero claramente hay que poner el hombro, hay que remar un poco m\u00e1s porque de todo lo que se hered\u00f3 no se sale de un d\u00eda para el otro, sin llorarla,<\/strong>\u00a0<strong>pero convencidos de que estamos en el lugar correcto,<\/strong>\u00a0en la hora indicada, porque somos la generaci\u00f3n que vino a cambiar la historia para siempre\u201d, cerr\u00f3.<\/p>\n<div class=\"oasis-despues-del-contenido\" id=\"oasis-3685873140\"><img loading=\"lazy\" decoding=\"async\" src=\"https:\/\/oasisfm935.com.ar\/site\/wp-content\/uploads\/2020\/08\/47806202-8741-49f2-a5c9-d2f930e5baa1.jpg\" alt=\"\"  srcset=\"https:\/\/oasisfm935.com.ar\/site\/wp-content\/uploads\/2020\/08\/47806202-8741-49f2-a5c9-d2f930e5baa1.jpg 1080w, https:\/\/oasisfm935.com.ar\/site\/wp-content\/uploads\/2020\/08\/47806202-8741-49f2-a5c9-d2f930e5baa1-300x300.jpg 300w, https:\/\/oasisfm935.com.ar\/site\/wp-content\/uploads\/2020\/08\/47806202-8741-49f2-a5c9-d2f930e5baa1-1024x1024.jpg 1024w, https:\/\/oasisfm935.com.ar\/site\/wp-content\/uploads\/2020\/08\/47806202-8741-49f2-a5c9-d2f930e5baa1-150x150.jpg 150w, https:\/\/oasisfm935.com.ar\/site\/wp-content\/uploads\/2020\/08\/47806202-8741-49f2-a5c9-d2f930e5baa1-768x768.jpg 768w\" sizes=\"(max-width: 1080px) 100vw, 1080px\" class=\"no-lazyload\" width=\"1080\" height=\"1080\"  style=\"display: inline-block;\" \/><\/div>","protected":false},"excerpt":{"rendered":"<p>l presidente Mauricio Macri, pidi\u00f3 \u201cremarla un poco m\u00e1s, sin llorarla\u201d. \u00a0Cuestion\u00f3 al exministro de Econom\u00eda, Roberto Lavagna, y afirm\u00f3: \u201cHay que<\/p>\n","protected":false},"author":4,"featured_media":722,"comment_status":"closed","ping_status":"open","sticky":false,"template":"","format":"standard","meta":{"colormag_page_layout":"default_layout","footnotes":""},"categories":[2],"tags":[],"class_list":["post-1156","post","type-post","status-publish","format-standard","has-post-thumbnail","hentry","category-noticias"],"_links":{"self":[{"href":"https:\/\/oasisfm935.com.ar\/site\/wp-json\/wp\/v2\/posts\/1156","targetHints":{"allow":["GET"]}}],"collection":[{"href":"https:\/\/oasisfm935.com.ar\/site\/wp-json\/wp\/v2\/posts"}],"about":[{"href":"https:\/\/oasisfm935.com.ar\/site\/wp-json\/wp\/v2\/types\/post"}],"author":[{"embeddable":true,"href":"https:\/\/oasisfm935.com.ar\/site\/wp-json\/wp\/v2\/users\/4"}],"replies":[{"embeddable":true,"href":"https:\/\/oasisfm935.com.ar\/site\/wp-json\/wp\/v2\/comments?post=1156"}],"version-history":[{"count":1,"href":"https:\/\/oasisfm935.com.ar\/site\/wp-json\/wp\/v2\/posts\/1156\/revisions"}],"predecessor-version":[{"id":1157,"href":"https:\/\/oasisfm935.com.ar\/site\/wp-json\/wp\/v2\/posts\/1156\/revisions\/1157"}],"wp:featuredmedia":[{"embeddable":true,"href":"https:\/\/oasisfm935.com.ar\/site\/wp-json\/wp\/v2\/media\/722"}],"wp:attachment":[{"href":"https:\/\/oasisfm935.com.ar\/site\/wp-json\/wp\/v2\/media?parent=1156"}],"wp:term":[{"taxonomy":"category","embeddable":true,"href":"https:\/\/oasisfm935.com.ar\/site\/wp-json\/wp\/v2\/categories?post=1156"},{"taxonomy":"post_tag","embeddable":true,"href":"https:\/\/oasisfm935.com.ar\/site\/wp-json\/wp\/v2\/tags?post=1156"}],"curies":[{"name":"wp","href":"https:\/\/api.w.org\/{rel}","templated":true}]}}