{"id":1158,"date":"2019-03-21T14:09:43","date_gmt":"2019-03-21T17:09:43","guid":{"rendered":"http:\/\/oasisfm935.com\/site\/?p=1158"},"modified":"2019-03-21T14:10:20","modified_gmt":"2019-03-21T17:10:20","slug":"un-nuevo-centro-neurologico-atendera-a-400-pacientes-tendra-10-medicos-y-hasta-una-pileta-de-rehabilitacion","status":"publish","type":"post","link":"https:\/\/oasisfm935.com.ar\/site\/un-nuevo-centro-neurologico-atendera-a-400-pacientes-tendra-10-medicos-y-hasta-una-pileta-de-rehabilitacion\/","title":{"rendered":"Un nuevo centro neurol\u00f3gico atender\u00e1 a 400 pacientes, tendr\u00e1 10 m\u00e9dicos y hasta una pileta de rehabilitaci\u00f3n"},"content":{"rendered":"<p>El intendente de Ingeniero Luiggi, Oscar Zanoli, anunci\u00f3 que las obras del Centro de Rehabilitaci\u00f3n Neurol\u00f3gico y la pileta climatizada semiol\u00edmpica \u201cestar\u00e1n finalizadas en los primeros d\u00edas de mayo\u201d. Esta obra \u201cse est\u00e1 construyendo por una decisi\u00f3n pol\u00edtica del Gobierno provincial que descentraliza los fondos econ\u00f3micos y tambi\u00e9n las posibilidades para todos los pampeanos, porque este proyecto permitir\u00e1 que todos los pobladores del norte se puedan atender en un centro construido en Ingeniero Luiggi\u201d, resalt\u00f3 Zanoli.<br \/>\nEl entrevistado detall\u00f3 que la construcci\u00f3n edilicia tiene m\u00e1s de mil metros cuadrados y el natatorio climatizado tendr\u00e1 \u201cuna pileta adaptada para rehabilitaciones\u201d. Esta es \u201cuna obra de suma importancia porque abarcar\u00e1 la atenci\u00f3n de m\u00e1s de 400 personas del norte de La Pampa y tendr\u00e1 m\u00e1s de 10 profesionales m\u00e9dicos\u201d, destac\u00f3.<br \/>\nEl jefe comunal asegur\u00f3 que la obra se est\u00e1 ejecutando \u201cen tiempo y forma\u201d. Actualmente \u201ctrabajan m\u00e1s de 30 personas locales y la descentralizaci\u00f3n de fondos econ\u00f3micos que realiza el gobierno provincial nos permiti\u00f3 comprar todos los materiales e insumos en la localidad, dinamizando la econom\u00eda de los comercios\u201d, dijo.<br \/>\n\u201cYa nos queda -continu\u00f3 Zanoli- muy poco de obras, porque resta pintar y colocar las aberturas que son de PVC, y despu\u00e9s tardar\u00e1 un poco m\u00e1s en llegar el equipamiento de salud, pero ya est\u00e1n colocando los pisos t\u00e9rmicos porque el sistema de calefacci\u00f3n ser\u00e1 por loza radiante\u201d.<br \/>\nZanoli tambi\u00e9n revel\u00f3 que actualmente se est\u00e1n definiendo \u201caspectos y detalles legales y de funcionamiento\u201d con el Ministerio de Salud de La Pampa para \u201cdeterminar qu\u00e9 ser\u00e1 responsabilidad municipal y cu\u00e1les ser\u00e1n las obligaciones del gobierno provincial\u201d.<br \/>\n-Este proyecto tiene la dualidad que por un lado genera un servicio m\u00e9dico muy valioso para el norte de La Pampa, pero tambi\u00e9n produce otros beneficios anexos para la econom\u00eda lugare\u00f1a.<br \/>\n-En la campa\u00f1a de 2015 conocimos que mucha gente iba a hacer rehabilitaci\u00f3n m\u00e9dica en otros pueblos pampeanos. Esta es una obra totalmente financiada por el gobierno provincial, y la estamos ejecutando por administraci\u00f3n municipal. Y creo que este ser\u00e1 el primer centro de rehabilitaci\u00f3n neurol\u00f3gico con pileta climatizada que tendr\u00e1 el gobierno provincial. Esto en los pueblos genera mucho movimiento. Cuando gestionamos la oficina de la Anses sab\u00edamos que no era solamente los cuatro puestos laborales, sino que esa gente carga combustible, va a una tienda, pasa por un kiosco. Y lo mismo ocurri\u00f3 con la sede de la extensi\u00f3n \u00e1ulica de Educaci\u00f3n Inicial donde cursan 40 j\u00f3venes, y muchas veces est\u00e1n apuradas para que termine la c\u00e1tedra para que no le cierren los negocios.<\/p>\n<p>&nbsp;<\/p>\n<p>M\u00e1s obras.<br \/>\nEl mandatario indic\u00f3 que se ejecutar\u00e1 una obra de pavimentaci\u00f3n con un presupuesto de 25 millones de pesos, aportados por el gobierno provincial. \u201cEl aumento de los costos provoc\u00f3 que se modifique la licitaci\u00f3n de 25 millones de pesos, porque as\u00ed podremos repavimentar algunas calles que se rompieron durante las \u00faltimas inundaciones, algunas nuevas y otras que vienen postergadas desde hace tiempo\u201d, explic\u00f3.<br \/>\nLa gesti\u00f3n municipal est\u00e1 construyendo diez casas del programa \u201cMi Casa\u201d, donde el gobierno provincial hace un aporte econ\u00f3mico no reintegrable y el resto lo aporta la comuna. \u201cA este proyecto le sumamos algo del viejo programa de Esfuerzo Propio y Ayuda Mutua (EPAM) porque realmente la estamos haciendo entre todos, todos est\u00e1n ayudando porque la situaci\u00f3n econ\u00f3mica se est\u00e1 complicando\u201d, ironiz\u00f3 Zanoli.<br \/>\n\u201cY tambi\u00e9n seguimos trabajando en la obra del canal de desag\u00fce es muy importante para solucionar los problemas que se nos generan con las precipitaciones\u201d, destac\u00f3.<\/p>\n<p>\u201cLa situaci\u00f3n social desespera\u201d<br \/>\nZanoli asegur\u00f3 que actualmente la prioridad de la gesti\u00f3n municipal \u201ces darle respuesta a<br \/>\nlos vecinos en la dif\u00edcil situaci\u00f3n que atravesamos, porque esto se ha desbordado y tenemos que ver c\u00f3mo ayudamos a la gente para que pase el d\u00eda a d\u00eda, y esto es algo que realmente nos est\u00e1 preocupando mucho\u201d. La situaci\u00f3n social \u201cdesespera y no nos deja dormir\u201d, reconoci\u00f3.<br \/>\n\u201cHoy lo que m\u00e1s me preocupa es la cuesti\u00f3n social por lo que aumento en cantidad de gente\u201d, resalt\u00f3 Zanoli. Y ejemplific\u00f3: \u201cEn enero el a\u00f1o pasado dimos en ayuda social 180 mil pesos, y este a\u00f1o en enero entregamos 625 mil pesos para tal fin, y esos aportes siguen siendo muy escasos para cada familia porque se nos increment\u00f3 mucha cantidad de gente que no llega a fin de mes, que no puede pagar los alquileres, no le alcanza para pagar la luz o el gas\u201d.<br \/>\n\u201cEn el municipio tenemos el mismo problemas que en todas las casas, nada m\u00e1s que la comuna es una casa muy grande; y encima se cay\u00f3 mucho la gente que pagaba las tasas, porque en las mejores \u00e9pocas llegamos al 75% por ciento y ahora andaremos en el 40 \u00f3 45 %\u201d, concluy\u00f3 el mandatario.<\/p>\n<p>&nbsp;<\/p>\n<p>Diario La Arena<\/p>\n<div class=\"oasis-despues-del-contenido\" id=\"oasis-305520336\"><img loading=\"lazy\" decoding=\"async\" src=\"https:\/\/oasisfm935.com.ar\/site\/wp-content\/uploads\/2020\/08\/47806202-8741-49f2-a5c9-d2f930e5baa1.jpg\" alt=\"\"  srcset=\"https:\/\/oasisfm935.com.ar\/site\/wp-content\/uploads\/2020\/08\/47806202-8741-49f2-a5c9-d2f930e5baa1.jpg 1080w, https:\/\/oasisfm935.com.ar\/site\/wp-content\/uploads\/2020\/08\/47806202-8741-49f2-a5c9-d2f930e5baa1-300x300.jpg 300w, https:\/\/oasisfm935.com.ar\/site\/wp-content\/uploads\/2020\/08\/47806202-8741-49f2-a5c9-d2f930e5baa1-1024x1024.jpg 1024w, https:\/\/oasisfm935.com.ar\/site\/wp-content\/uploads\/2020\/08\/47806202-8741-49f2-a5c9-d2f930e5baa1-150x150.jpg 150w, https:\/\/oasisfm935.com.ar\/site\/wp-content\/uploads\/2020\/08\/47806202-8741-49f2-a5c9-d2f930e5baa1-768x768.jpg 768w\" sizes=\"(max-width: 1080px) 100vw, 1080px\" class=\"no-lazyload\" width=\"1080\" height=\"1080\"  style=\"display: inline-block;\" \/><\/div>","protected":false},"excerpt":{"rendered":"<p>El intendente de Ingeniero Luiggi, Oscar Zanoli, anunci\u00f3 que las obras del Centro de Rehabilitaci\u00f3n Neurol\u00f3gico y la pileta climatizada semiol\u00edmpica \u201cestar\u00e1n<\/p>\n","protected":false},"author":4,"featured_media":1159,"comment_status":"closed","ping_status":"open","sticky":false,"template":"","format":"standard","meta":{"colormag_page_layout":"default_layout","footnotes":""},"categories":[2],"tags":[],"class_list":["post-1158","post","type-post","status-publish","format-standard","has-post-thumbnail","hentry","category-noticias"],"_links":{"self":[{"href":"https:\/\/oasisfm935.com.ar\/site\/wp-json\/wp\/v2\/posts\/1158","targetHints":{"allow":["GET"]}}],"collection":[{"href":"https:\/\/oasisfm935.com.ar\/site\/wp-json\/wp\/v2\/posts"}],"about":[{"href":"https:\/\/oasisfm935.com.ar\/site\/wp-json\/wp\/v2\/types\/post"}],"author":[{"embeddable":true,"href":"https:\/\/oasisfm935.com.ar\/site\/wp-json\/wp\/v2\/users\/4"}],"replies":[{"embeddable":true,"href":"https:\/\/oasisfm935.com.ar\/site\/wp-json\/wp\/v2\/comments?post=1158"}],"version-history":[{"count":1,"href":"https:\/\/oasisfm935.com.ar\/site\/wp-json\/wp\/v2\/posts\/1158\/revisions"}],"predecessor-version":[{"id":1160,"href":"https:\/\/oasisfm935.com.ar\/site\/wp-json\/wp\/v2\/posts\/1158\/revisions\/1160"}],"wp:featuredmedia":[{"embeddable":true,"href":"https:\/\/oasisfm935.com.ar\/site\/wp-json\/wp\/v2\/media\/1159"}],"wp:attachment":[{"href":"https:\/\/oasisfm935.com.ar\/site\/wp-json\/wp\/v2\/media?parent=1158"}],"wp:term":[{"taxonomy":"category","embeddable":true,"href":"https:\/\/oasisfm935.com.ar\/site\/wp-json\/wp\/v2\/categories?post=1158"},{"taxonomy":"post_tag","embeddable":true,"href":"https:\/\/oasisfm935.com.ar\/site\/wp-json\/wp\/v2\/tags?post=1158"}],"curies":[{"name":"wp","href":"https:\/\/api.w.org\/{rel}","templated":true}]}}