{"id":1167,"date":"2019-03-22T11:59:18","date_gmt":"2019-03-22T14:59:18","guid":{"rendered":"http:\/\/oasisfm935.com\/site\/?p=1167"},"modified":"2019-03-22T12:00:38","modified_gmt":"2019-03-22T15:00:38","slug":"verna-termino-satisfactoriamente-el-tratamiento","status":"publish","type":"post","link":"https:\/\/oasisfm935.com.ar\/site\/verna-termino-satisfactoriamente-el-tratamiento\/","title":{"rendered":"Verna termin\u00f3 \u201csatisfactoriamente\u201d el tratamiento"},"content":{"rendered":"<p>\u00abEsperemos que pueda estar, todos deseamos eso. Se lo merece, se merece el reconocimiento y el cari\u00f1o de la sociedad de La Pampa\u201d, dijo este viernes el vicegobernador Mariano Fern\u00e1ndez.<\/p>\n<p>El gobernador Caros Verna concluy\u00f3 \u201csatisfactoriamente\u201d el tratamiento m\u00e9dico oncol\u00f3gico que inici\u00f3 el a\u00f1o pasado\u00a0 para abordar su enfermedad. El vicegobernador Mariano Fern\u00e1ndez dijo este viernes que el ministro de Salud, Mario Kohan, le dio esa informaci\u00f3n.<strong>\u00a0\u201cVerna termin\u00f3 satisfactoriamente el tratamiento. \u00c9l ha regresado hace 48 horas y, por lo tanto tiene, que estar unos d\u00edas en reposo, propio del tratamiento\u201d,<\/strong>\u00a0se\u00f1al\u00f3.<\/p>\n<p>Se mostr\u00f3 optimista respecto a su presencia en la campa\u00f1a electoral de FreJuPa.\u00a0<strong>\u201cEsperemos que pueda estar, todos deseamos eso. Se lo merece, se merece el reconocimiento y el cari\u00f1o de la sociedad de La Pampa\u201d<\/strong>, complet\u00f3<\/p>\n<div class=\"oasis-despues-del-contenido\" id=\"oasis-2280130527\"><img loading=\"lazy\" decoding=\"async\" src=\"https:\/\/oasisfm935.com.ar\/site\/wp-content\/uploads\/2020\/08\/47806202-8741-49f2-a5c9-d2f930e5baa1.jpg\" alt=\"\"  srcset=\"https:\/\/oasisfm935.com.ar\/site\/wp-content\/uploads\/2020\/08\/47806202-8741-49f2-a5c9-d2f930e5baa1.jpg 1080w, https:\/\/oasisfm935.com.ar\/site\/wp-content\/uploads\/2020\/08\/47806202-8741-49f2-a5c9-d2f930e5baa1-300x300.jpg 300w, https:\/\/oasisfm935.com.ar\/site\/wp-content\/uploads\/2020\/08\/47806202-8741-49f2-a5c9-d2f930e5baa1-1024x1024.jpg 1024w, https:\/\/oasisfm935.com.ar\/site\/wp-content\/uploads\/2020\/08\/47806202-8741-49f2-a5c9-d2f930e5baa1-150x150.jpg 150w, https:\/\/oasisfm935.com.ar\/site\/wp-content\/uploads\/2020\/08\/47806202-8741-49f2-a5c9-d2f930e5baa1-768x768.jpg 768w\" sizes=\"(max-width: 1080px) 100vw, 1080px\" class=\"no-lazyload\" width=\"1080\" height=\"1080\"  style=\"display: inline-block;\" \/><\/div>","protected":false},"excerpt":{"rendered":"<p>\u00abEsperemos que pueda estar, todos deseamos eso. Se lo merece, se merece el reconocimiento y el cari\u00f1o de la sociedad de La<\/p>\n","protected":false},"author":4,"featured_media":1168,"comment_status":"closed","ping_status":"open","sticky":false,"template":"","format":"standard","meta":{"colormag_page_layout":"default_layout","footnotes":""},"categories":[2],"tags":[],"class_list":["post-1167","post","type-post","status-publish","format-standard","has-post-thumbnail","hentry","category-noticias"],"_links":{"self":[{"href":"https:\/\/oasisfm935.com.ar\/site\/wp-json\/wp\/v2\/posts\/1167","targetHints":{"allow":["GET"]}}],"collection":[{"href":"https:\/\/oasisfm935.com.ar\/site\/wp-json\/wp\/v2\/posts"}],"about":[{"href":"https:\/\/oasisfm935.com.ar\/site\/wp-json\/wp\/v2\/types\/post"}],"author":[{"embeddable":true,"href":"https:\/\/oasisfm935.com.ar\/site\/wp-json\/wp\/v2\/users\/4"}],"replies":[{"embeddable":true,"href":"https:\/\/oasisfm935.com.ar\/site\/wp-json\/wp\/v2\/comments?post=1167"}],"version-history":[{"count":1,"href":"https:\/\/oasisfm935.com.ar\/site\/wp-json\/wp\/v2\/posts\/1167\/revisions"}],"predecessor-version":[{"id":1169,"href":"https:\/\/oasisfm935.com.ar\/site\/wp-json\/wp\/v2\/posts\/1167\/revisions\/1169"}],"wp:featuredmedia":[{"embeddable":true,"href":"https:\/\/oasisfm935.com.ar\/site\/wp-json\/wp\/v2\/media\/1168"}],"wp:attachment":[{"href":"https:\/\/oasisfm935.com.ar\/site\/wp-json\/wp\/v2\/media?parent=1167"}],"wp:term":[{"taxonomy":"category","embeddable":true,"href":"https:\/\/oasisfm935.com.ar\/site\/wp-json\/wp\/v2\/categories?post=1167"},{"taxonomy":"post_tag","embeddable":true,"href":"https:\/\/oasisfm935.com.ar\/site\/wp-json\/wp\/v2\/tags?post=1167"}],"curies":[{"name":"wp","href":"https:\/\/api.w.org\/{rel}","templated":true}]}}