{"id":1183,"date":"2019-03-23T12:59:55","date_gmt":"2019-03-23T15:59:55","guid":{"rendered":"http:\/\/oasisfm935.com\/site\/?p=1183"},"modified":"2019-03-23T13:07:51","modified_gmt":"2019-03-23T16:07:51","slug":"vuelve-el-cine-a-la-plaza-marsal-de-ingeniero-luiggi","status":"publish","type":"post","link":"https:\/\/oasisfm935.com.ar\/site\/vuelve-el-cine-a-la-plaza-marsal-de-ingeniero-luiggi\/","title":{"rendered":"Vuelve el cine a la Plaza Marsal de Ingeniero Luiggi ."},"content":{"rendered":"<p>El\u00a0 domingo 24 de Marzo\u00a0 se proyectar\u00e1 en la Plazoleta Marsal\u00a0 de nuestra localidad, la pel\u00edcula infantil \u00abMadagascar 3: Los fugitivos \u00ab. Tambi\u00e9n proyectar\u00e1 un documental en el D\u00eda Nacional de la Memoria por la Verdad y la Justicia .<\/p>\n<p><a href=\"http:\/\/oasisfm935.com\/site\/wp-content\/uploads\/2019\/03\/12899856_1005939659472674_1260075931_n.jpg\"><img loading=\"lazy\" decoding=\"async\" class=\"alignnone size-full wp-image-1185\" src=\"http:\/\/oasisfm935.com\/site\/wp-content\/uploads\/2019\/03\/12899856_1005939659472674_1260075931_n.jpg\" alt=\"\" width=\"901\" height=\"510\" srcset=\"https:\/\/oasisfm935.com.ar\/site\/wp-content\/uploads\/2019\/03\/12899856_1005939659472674_1260075931_n.jpg 901w, https:\/\/oasisfm935.com.ar\/site\/wp-content\/uploads\/2019\/03\/12899856_1005939659472674_1260075931_n-300x170.jpg 300w, https:\/\/oasisfm935.com.ar\/site\/wp-content\/uploads\/2019\/03\/12899856_1005939659472674_1260075931_n-768x435.jpg 768w\" sizes=\"auto, (max-width: 901px) 100vw, 901px\" \/><\/a><\/p>\n<p>&nbsp;<\/p>\n<div class=\"text_exposed_show\">\n<p>DOMINGO 24 DE Marzo\u00a0 &#8211; 18HS &#8211;<\/p>\n<p>\u00a1\u00a1VEN\u00cd CON TU REPOSERA, TERMO Y MATE!!<\/p>\n<p>ENTRADA LIBRE Y GRATUITA<\/p>\n<\/div>\n<div class=\"text_exposed_show\">\n<p>\u00a0 \u00a0 \u00a0 \u00a0 \u00a0 \u00a0 \u00a0 \u00a0 \u00a0 \u00a0 \u00a0 \u00a0 \u00a0 \u00a0 \u00a0 \u00a0 \u00a0 \u00a0 \u00a0 \u00a0 \u00a0 \u00a0 \u00a0 \u00a0 \u00a0 \u00a0 \u00a0 \u00a0 \u00a0 \u00a0 \u00a0 \u00a0 \u00a0 \u00a0 \u00a0 \u00a0 \u00a0 \u00a0 \u00a0 \u00a0 \u00a0 \u00a0 \u00a0 \u00a0 \u00a0 \u00a0 \u00a0 \u00a0 \u00a0 \u00a0 \u00a0 \u00a0 \u00a0 \u00a0 \u00a0 \u00a0 \u00a0 \u00a0 \u00a0 \u00a0 \u00a0 \u00a0 \u00a0 \u00a0 \u00a0 \u00a0 \u00a0INVITA GOBIERNO DE INGENIERO LUIGGI .<\/p>\n<\/div>\n<div class=\"oasis-despues-del-contenido\" id=\"oasis-2446691700\"><img loading=\"lazy\" decoding=\"async\" src=\"https:\/\/oasisfm935.com.ar\/site\/wp-content\/uploads\/2020\/08\/47806202-8741-49f2-a5c9-d2f930e5baa1.jpg\" alt=\"\"  srcset=\"https:\/\/oasisfm935.com.ar\/site\/wp-content\/uploads\/2020\/08\/47806202-8741-49f2-a5c9-d2f930e5baa1.jpg 1080w, https:\/\/oasisfm935.com.ar\/site\/wp-content\/uploads\/2020\/08\/47806202-8741-49f2-a5c9-d2f930e5baa1-300x300.jpg 300w, https:\/\/oasisfm935.com.ar\/site\/wp-content\/uploads\/2020\/08\/47806202-8741-49f2-a5c9-d2f930e5baa1-1024x1024.jpg 1024w, https:\/\/oasisfm935.com.ar\/site\/wp-content\/uploads\/2020\/08\/47806202-8741-49f2-a5c9-d2f930e5baa1-150x150.jpg 150w, https:\/\/oasisfm935.com.ar\/site\/wp-content\/uploads\/2020\/08\/47806202-8741-49f2-a5c9-d2f930e5baa1-768x768.jpg 768w\" sizes=\"(max-width: 1080px) 100vw, 1080px\" class=\"no-lazyload\" width=\"1080\" height=\"1080\"  style=\"display: inline-block;\" \/><\/div>","protected":false},"excerpt":{"rendered":"<p>El\u00a0 domingo 24 de Marzo\u00a0 se proyectar\u00e1 en la Plazoleta Marsal\u00a0 de nuestra localidad, la pel\u00edcula infantil \u00abMadagascar 3: Los fugitivos \u00ab.<\/p>\n","protected":false},"author":4,"featured_media":1184,"comment_status":"closed","ping_status":"open","sticky":false,"template":"","format":"standard","meta":{"colormag_page_layout":"default_layout","footnotes":""},"categories":[2],"tags":[],"class_list":["post-1183","post","type-post","status-publish","format-standard","has-post-thumbnail","hentry","category-noticias"],"_links":{"self":[{"href":"https:\/\/oasisfm935.com.ar\/site\/wp-json\/wp\/v2\/posts\/1183","targetHints":{"allow":["GET"]}}],"collection":[{"href":"https:\/\/oasisfm935.com.ar\/site\/wp-json\/wp\/v2\/posts"}],"about":[{"href":"https:\/\/oasisfm935.com.ar\/site\/wp-json\/wp\/v2\/types\/post"}],"author":[{"embeddable":true,"href":"https:\/\/oasisfm935.com.ar\/site\/wp-json\/wp\/v2\/users\/4"}],"replies":[{"embeddable":true,"href":"https:\/\/oasisfm935.com.ar\/site\/wp-json\/wp\/v2\/comments?post=1183"}],"version-history":[{"count":2,"href":"https:\/\/oasisfm935.com.ar\/site\/wp-json\/wp\/v2\/posts\/1183\/revisions"}],"predecessor-version":[{"id":1187,"href":"https:\/\/oasisfm935.com.ar\/site\/wp-json\/wp\/v2\/posts\/1183\/revisions\/1187"}],"wp:featuredmedia":[{"embeddable":true,"href":"https:\/\/oasisfm935.com.ar\/site\/wp-json\/wp\/v2\/media\/1184"}],"wp:attachment":[{"href":"https:\/\/oasisfm935.com.ar\/site\/wp-json\/wp\/v2\/media?parent=1183"}],"wp:term":[{"taxonomy":"category","embeddable":true,"href":"https:\/\/oasisfm935.com.ar\/site\/wp-json\/wp\/v2\/categories?post=1183"},{"taxonomy":"post_tag","embeddable":true,"href":"https:\/\/oasisfm935.com.ar\/site\/wp-json\/wp\/v2\/tags?post=1183"}],"curies":[{"name":"wp","href":"https:\/\/api.w.org\/{rel}","templated":true}]}}