{"id":1196,"date":"2019-03-25T08:57:12","date_gmt":"2019-03-25T11:57:12","guid":{"rendered":"http:\/\/oasisfm935.com\/site\/?p=1196"},"modified":"2019-03-25T08:57:12","modified_gmt":"2019-03-25T11:57:12","slug":"casi-2-millones-de-personas-cayeron-en-la-pobreza-en-2018","status":"publish","type":"post","link":"https:\/\/oasisfm935.com.ar\/site\/casi-2-millones-de-personas-cayeron-en-la-pobreza-en-2018\/","title":{"rendered":"Casi 2 millones de personas cayeron en la pobreza en 2018"},"content":{"rendered":"<p>La recesi\u00f3n econ\u00f3mica y la aceleraci\u00f3n de la inflaci\u00f3n tras la corrida cambiaria del a\u00f1o pasado, la Argentina sum\u00f3 m\u00e1s de 1,9 millones de nuevos pobres al cierre de 2018. La llamada pobreza multidimensional -que incluye a los argentinos pobres en la medici\u00f3n por sus ingresos y a quienes sufren al menos una carencia de una serie de derechos sociales y econ\u00f3micos- pas\u00f3 del 26,6% en 2017 a 31,3% s\u00f3lo un a\u00f1o despu\u00e9s. Los n\u00fameros surgen de un nuevo estudio presentado por el Observatorio de la Deuda Social de la Universidad Cat\u00f3lica Argentina (UCA), que estim\u00f3 que la cantidad de pobres multidimensionales pas\u00f3 de 10.773.000 a 12.676.500 en doce meses en todas las zonas urbanas del pa\u00eds.<\/p>\n<p>El registro de la UCA es el dato de pobreza m\u00e1s alto desde 2010, cuando comenz\u00f3 la serie que elabora esa casa de estudios. Este \u00edndice es una innovaci\u00f3n metodol\u00f3gica que ya hab\u00eda sido publicado anteriormente por el equipo que conduce Agust\u00edn Salvia y que cruza su medici\u00f3n de pobreza por ingresos -similar a la que el Indec difundir\u00e1 el pr\u00f3ximo jueves- con un an\u00e1lisis basado en las carencias de derechos que incluye seis dimensiones (alimentaci\u00f3n y salud, servicios b\u00e1sicos, vivienda digna, medio ambiente, accesos educativos y empleo y seguridad social).<\/p>\n<p>En ese sentido, la UCA considera pobres multidimensionales a aquellas personas u hogares que tengan al menos una carencia de esos derechos y, al mismo tiempo, no logren superar la l\u00ednea de pobreza por ingresos.<\/p>\n<p>El Observatorio incluy\u00f3 en el documento del tercer trimestre de 2018 una medici\u00f3n sobre lo que denomin\u00f3 \u201cpobreza estructural\u201d, que tambi\u00e9n cruza la pobreza por ingresos, pero con aquellas personas u hogares que tienen tres carencias o m\u00e1s de derechos sobre la base de las dimensiones presentadas. Seg\u00fan la UCA, este indicador pas\u00f3 de 16,7% en 2017 a 18,6% en 2018.<\/p>\n<p>&nbsp;<\/p>\n<p>Esto quiere decir que surgieron 769.500 pobres estructurales nuevos en un a\u00f1o y hoy son 7,5 millones. Con ese avance de la pobreza estructural se vuelve a los niveles que hab\u00eda en 2016.<\/p>\n<p>Si se observa la cantidad de hogares, la pobreza multidimensional creci\u00f3 en un a\u00f1o de 18,5% a 23%, mientras que la pobreza estructural pas\u00f3 de 12,1% a 14,1%, seg\u00fan indica el informe de la UCA.<\/p>\n<p>M\u00e1s all\u00e1 de los malos datos, el informe reflej\u00f3 algunos avances espec\u00edficos en dimensiones vinculadas a la infraestructura o a problemas que podr\u00edan considerarse de fondo. Por ejemplo, la tasa de los hogares que ten\u00edan carencias en los servicios p\u00fablicos cay\u00f3 de 32,8% a 30% a pesar de la crisis; en vivienda digna se pas\u00f3 de 21,4% a 21,1%; en medio ambiente, de 21,1% a 19%, y en accesos educativos, de 32,3% a 31,9%.<\/p>\n<div class=\"oasis-despues-del-contenido\" id=\"oasis-3040486039\"><img loading=\"lazy\" decoding=\"async\" src=\"https:\/\/oasisfm935.com.ar\/site\/wp-content\/uploads\/2020\/08\/47806202-8741-49f2-a5c9-d2f930e5baa1.jpg\" alt=\"\"  srcset=\"https:\/\/oasisfm935.com.ar\/site\/wp-content\/uploads\/2020\/08\/47806202-8741-49f2-a5c9-d2f930e5baa1.jpg 1080w, https:\/\/oasisfm935.com.ar\/site\/wp-content\/uploads\/2020\/08\/47806202-8741-49f2-a5c9-d2f930e5baa1-300x300.jpg 300w, https:\/\/oasisfm935.com.ar\/site\/wp-content\/uploads\/2020\/08\/47806202-8741-49f2-a5c9-d2f930e5baa1-1024x1024.jpg 1024w, https:\/\/oasisfm935.com.ar\/site\/wp-content\/uploads\/2020\/08\/47806202-8741-49f2-a5c9-d2f930e5baa1-150x150.jpg 150w, https:\/\/oasisfm935.com.ar\/site\/wp-content\/uploads\/2020\/08\/47806202-8741-49f2-a5c9-d2f930e5baa1-768x768.jpg 768w\" sizes=\"(max-width: 1080px) 100vw, 1080px\" class=\"no-lazyload\" width=\"1080\" height=\"1080\"  style=\"display: inline-block;\" \/><\/div>","protected":false},"excerpt":{"rendered":"<p>La recesi\u00f3n econ\u00f3mica y la aceleraci\u00f3n de la inflaci\u00f3n tras la corrida cambiaria del a\u00f1o pasado, la Argentina sum\u00f3 m\u00e1s de 1,9<\/p>\n","protected":false},"author":4,"featured_media":1197,"comment_status":"closed","ping_status":"open","sticky":false,"template":"","format":"standard","meta":{"colormag_page_layout":"default_layout","footnotes":""},"categories":[2],"tags":[],"class_list":["post-1196","post","type-post","status-publish","format-standard","has-post-thumbnail","hentry","category-noticias"],"_links":{"self":[{"href":"https:\/\/oasisfm935.com.ar\/site\/wp-json\/wp\/v2\/posts\/1196","targetHints":{"allow":["GET"]}}],"collection":[{"href":"https:\/\/oasisfm935.com.ar\/site\/wp-json\/wp\/v2\/posts"}],"about":[{"href":"https:\/\/oasisfm935.com.ar\/site\/wp-json\/wp\/v2\/types\/post"}],"author":[{"embeddable":true,"href":"https:\/\/oasisfm935.com.ar\/site\/wp-json\/wp\/v2\/users\/4"}],"replies":[{"embeddable":true,"href":"https:\/\/oasisfm935.com.ar\/site\/wp-json\/wp\/v2\/comments?post=1196"}],"version-history":[{"count":1,"href":"https:\/\/oasisfm935.com.ar\/site\/wp-json\/wp\/v2\/posts\/1196\/revisions"}],"predecessor-version":[{"id":1198,"href":"https:\/\/oasisfm935.com.ar\/site\/wp-json\/wp\/v2\/posts\/1196\/revisions\/1198"}],"wp:featuredmedia":[{"embeddable":true,"href":"https:\/\/oasisfm935.com.ar\/site\/wp-json\/wp\/v2\/media\/1197"}],"wp:attachment":[{"href":"https:\/\/oasisfm935.com.ar\/site\/wp-json\/wp\/v2\/media?parent=1196"}],"wp:term":[{"taxonomy":"category","embeddable":true,"href":"https:\/\/oasisfm935.com.ar\/site\/wp-json\/wp\/v2\/categories?post=1196"},{"taxonomy":"post_tag","embeddable":true,"href":"https:\/\/oasisfm935.com.ar\/site\/wp-json\/wp\/v2\/tags?post=1196"}],"curies":[{"name":"wp","href":"https:\/\/api.w.org\/{rel}","templated":true}]}}