{"id":1218,"date":"2019-03-26T09:11:48","date_gmt":"2019-03-26T12:11:48","guid":{"rendered":"http:\/\/oasisfm935.com\/site\/?p=1218"},"modified":"2019-03-26T09:11:48","modified_gmt":"2019-03-26T12:11:48","slug":"desde-el-proximo-lunes-suben-las-naftas-y-las-tarifas-de-gas","status":"publish","type":"post","link":"https:\/\/oasisfm935.com.ar\/site\/desde-el-proximo-lunes-suben-las-naftas-y-las-tarifas-de-gas\/","title":{"rendered":"Desde el pr\u00f3ximo lunes suben las naftas y las tarifas de gas"},"content":{"rendered":"<p>Habr\u00e1 una nueva ola de presi\u00f3n inflacionaria desde el pr\u00f3ximo mes de abril.\u00a0<strong>Las petroleras presionan por m\u00e1s aumentos<\/strong>.<\/p>\n<p>Las condiciones que el Gobierno fue fijando desde que asumi\u00f3 para los precios de la econom\u00eda, amenazan seriamente los intentos de contener la inflaci\u00f3n.\u00a0<strong>Los precios regulados dentro del IPC del INDEC que conduce Jorge Todesca, empezar\u00e1n abril con nuevas alzas, y en el caso de los combustibles con fuerte incidencia de la evoluci\u00f3n del d\u00f3lar en lo que resta de esta semana<\/strong>.<\/p>\n<p><strong>El lunes 1\u00ba de abril, las petroleras trasladar\u00e1n al p\u00fablico el 50% del aumento en el impuesto a los combustibles que el gobierno resolvi\u00f3 por decreto percibir en dos etapas, una en marzo y otra en abril.<\/strong><\/p>\n<p>La incidencia del 50% del impuesto sobre el precio final ser\u00e1 menor que en marzo, sobre todo en el caso del gasoil. Esto porque en el mes actual ya se est\u00e1 pagando el 100% del impuesto a la emisi\u00f3n de di\u00f3xido de carbono en todos los productos y del adicional sobre el gasoil.<\/p>\n<p>As\u00ed, por el factor impositivo las naftas subir\u00e1n en abril $0,4268 y el gasoil $0,2538 por litro, ya descontada la parte del biocombustible porque no est\u00e1 gravada. Pero las petroleras est\u00e1n dispuestas a aplicar desde ese mismo d\u00eda un nuevo ajuste porque hay coincidencia en que resulta contraproducente realizar dos aumentos en un mismo mes.<\/p>\n<p>Y en este caso la evoluci\u00f3n del d\u00f3lar es el elemento m\u00e1s determinante.\u00a0<strong>Desde el 28 de febrero, cuando se decidi\u00f3 el \u00faltimo incremento al p\u00fablico, el d\u00f3lar pas\u00f3 de $40,14 a $43,01 al cierre de ayer, lo que significa un alza del 7,1%<\/strong>.<\/p>\n<p>Si no hubiera presiones pol\u00edticas y sin la cautela que impone la ca\u00edda del consumo, las petroleras trasladar\u00edan esa devaluaci\u00f3n al precio de salida de refiner\u00eda sin impuestos, lo que en un litro de nafta super de YPF significa un alza de m\u00e1s del 4% al p\u00fablico, que llegar\u00eda al 5% sumando $0,4268 del impuesto.<\/p>\n<p>Falta saber todav\u00eda el nivel del d\u00f3lar el \u00faltimo d\u00eda de esta semana y los aumentos en los biocombustibles que est\u00e1n a cargo de la Secretar\u00eda de Energ\u00eda. Por ahora del lado de la cotizaci\u00f3n internacional del petr\u00f3leo no surgen presiones, porque el crudo de referencia en el mercado local se ubica entre u$s66 y u$s67, casi igual que a fines de febrero.<\/p>\n<p>El mismo 1\u00ba de abril empezar\u00e1n a regir las nuevas tarifas de gas, que va a reconocer a las petroleras que producen este hidrocarburo un tipo de cambio de $41,97 por lo que vendan hasta el 30 de septiembre.<\/p>\n<p>Esa cotizaci\u00f3n es un 11,3% m\u00e1s alta que la considerada en las tarifas vigentes ahora, pero para las productoras significa un precio del d\u00f3lar menor al de ayer y al que puede esperarse a medida que se acerquen las elecciones, lo que puede acentuar el mal humor de estas empresas con el Gobierno.<\/p>\n<p>Se presume que para cubrirse de esa situaci\u00f3n, las petroleras ofrecieron gas a las distribuidoras a un precio superior a u$s7 por el 30% del producto que faltaba contratar para el invierno, despu\u00e9s de la subasta que organiz\u00f3 el Gobierno en febrero.<\/p>\n<p><strong>Lo que todav\u00eda no se puede precisar es si el ENARGAS convalidara ese precio para el gas contratado en el \u00faltimo mes.<\/strong>\u00a0Porque en caso de que lo haga el aumento en las tarifas del p\u00fablico ser\u00e1 mayor al 30% con que el gobierno viene insistiendo.<\/p>\n<p>Adem\u00e1s, el ENARGAS y el Gobierno deben definir si mantienen el \u00edndice de precios mayoristas (IPIM) para el ajuste de los ingresos de transportistas y distribuidoras. El acumulado del semestre septiembre-febrero fue del 38,5%.<\/p>\n<p>En octubre pasado el Gobierno resolvi\u00f3 cambiar el m\u00e9todo de ajuste pero la medida fue cuestionada por las empresas que se reservaron el derecho de iniciar acciones administrativas y judiciales. En audiencia p\u00fablica, pidieron que se les reconozca lo que se les rest\u00f3 en octubre. Si esto se acepta, los m\u00e1rgenes de transporte y distribuci\u00f3n deber\u00edan aumentar un 48%, y la meta de contener el aumento final en 30% ser\u00eda incumplible.<\/p>\n<div class=\"oasis-despues-del-contenido\" id=\"oasis-2973267797\"><img loading=\"lazy\" decoding=\"async\" src=\"https:\/\/oasisfm935.com.ar\/site\/wp-content\/uploads\/2020\/08\/47806202-8741-49f2-a5c9-d2f930e5baa1.jpg\" alt=\"\"  srcset=\"https:\/\/oasisfm935.com.ar\/site\/wp-content\/uploads\/2020\/08\/47806202-8741-49f2-a5c9-d2f930e5baa1.jpg 1080w, https:\/\/oasisfm935.com.ar\/site\/wp-content\/uploads\/2020\/08\/47806202-8741-49f2-a5c9-d2f930e5baa1-300x300.jpg 300w, https:\/\/oasisfm935.com.ar\/site\/wp-content\/uploads\/2020\/08\/47806202-8741-49f2-a5c9-d2f930e5baa1-1024x1024.jpg 1024w, https:\/\/oasisfm935.com.ar\/site\/wp-content\/uploads\/2020\/08\/47806202-8741-49f2-a5c9-d2f930e5baa1-150x150.jpg 150w, https:\/\/oasisfm935.com.ar\/site\/wp-content\/uploads\/2020\/08\/47806202-8741-49f2-a5c9-d2f930e5baa1-768x768.jpg 768w\" sizes=\"(max-width: 1080px) 100vw, 1080px\" class=\"no-lazyload\" width=\"1080\" height=\"1080\"  style=\"display: inline-block;\" \/><\/div>","protected":false},"excerpt":{"rendered":"<p>Habr\u00e1 una nueva ola de presi\u00f3n inflacionaria desde el pr\u00f3ximo mes de abril.\u00a0Las petroleras presionan por m\u00e1s aumentos. Las condiciones que el<\/p>\n","protected":false},"author":4,"featured_media":1219,"comment_status":"closed","ping_status":"open","sticky":false,"template":"","format":"standard","meta":{"colormag_page_layout":"default_layout","footnotes":""},"categories":[2],"tags":[],"class_list":["post-1218","post","type-post","status-publish","format-standard","has-post-thumbnail","hentry","category-noticias"],"_links":{"self":[{"href":"https:\/\/oasisfm935.com.ar\/site\/wp-json\/wp\/v2\/posts\/1218","targetHints":{"allow":["GET"]}}],"collection":[{"href":"https:\/\/oasisfm935.com.ar\/site\/wp-json\/wp\/v2\/posts"}],"about":[{"href":"https:\/\/oasisfm935.com.ar\/site\/wp-json\/wp\/v2\/types\/post"}],"author":[{"embeddable":true,"href":"https:\/\/oasisfm935.com.ar\/site\/wp-json\/wp\/v2\/users\/4"}],"replies":[{"embeddable":true,"href":"https:\/\/oasisfm935.com.ar\/site\/wp-json\/wp\/v2\/comments?post=1218"}],"version-history":[{"count":1,"href":"https:\/\/oasisfm935.com.ar\/site\/wp-json\/wp\/v2\/posts\/1218\/revisions"}],"predecessor-version":[{"id":1220,"href":"https:\/\/oasisfm935.com.ar\/site\/wp-json\/wp\/v2\/posts\/1218\/revisions\/1220"}],"wp:featuredmedia":[{"embeddable":true,"href":"https:\/\/oasisfm935.com.ar\/site\/wp-json\/wp\/v2\/media\/1219"}],"wp:attachment":[{"href":"https:\/\/oasisfm935.com.ar\/site\/wp-json\/wp\/v2\/media?parent=1218"}],"wp:term":[{"taxonomy":"category","embeddable":true,"href":"https:\/\/oasisfm935.com.ar\/site\/wp-json\/wp\/v2\/categories?post=1218"},{"taxonomy":"post_tag","embeddable":true,"href":"https:\/\/oasisfm935.com.ar\/site\/wp-json\/wp\/v2\/tags?post=1218"}],"curies":[{"name":"wp","href":"https:\/\/api.w.org\/{rel}","templated":true}]}}