{"id":1231,"date":"2019-03-26T21:40:37","date_gmt":"2019-03-27T00:40:37","guid":{"rendered":"http:\/\/oasisfm935.com\/site\/?p=1231"},"modified":"2019-03-26T21:40:37","modified_gmt":"2019-03-27T00:40:37","slug":"a-la-altura-de-emb-martini-comenzo-la-repavimentacion-del-alteo-de-la-ruta-35","status":"publish","type":"post","link":"https:\/\/oasisfm935.com.ar\/site\/a-la-altura-de-emb-martini-comenzo-la-repavimentacion-del-alteo-de-la-ruta-35\/","title":{"rendered":"A la altura de Emb. Martini comenz\u00f3 la repavimentaci\u00f3n del alteo de la ruta 35"},"content":{"rendered":"<div class=\"itemIntroText\">\n<p><strong>Tras el anuncio en febrero, finalmente<\/strong>\u00a0<strong>comenz\u00f3 la repavimentaci\u00f3n en el alteo de la ruta nacional 35, al sur de Embajador Martini, entre los kil\u00f3metros \u00a0461 y 463.<\/strong><\/p>\n<\/div>\n<div class=\"itemFullText\">\n<blockquote><p><strong>Desde el Distrito 21 de Vialidad Nacional<\/strong>\u00a0 informaron a\u00a0<strong>Zonal Noticias<\/strong>\u00a0que el\u00a0<strong>proyecto incluye, adem\u00e1s, el retiro y recambio de las barandas de seguridad y la colocaci\u00f3n de una doble capa asf\u00e1ltica.<\/strong><\/p>\n<p><strong>\u00a0Luego de estas tareas, se prev\u00e9 la elevaci\u00f3n de los niveles de ambos alteos (el de Martini y el ubicado entre Eduardo Castex y Winifreda), mediante la construcci\u00f3n de un terrapl\u00e9n y el restablecimiento de las condiciones hidr\u00e1ulicas mediante la colocaci\u00f3n de alcantarillas para el escurrimiento del agua.<\/strong><\/p><\/blockquote>\n<p>Se\u00f1alaron que a partir de la repavimentaci\u00f3n, se minimizar\u00e1n las tareas de mantenimiento de ambos alteos, otorgando mejores condiciones de seguridad y calidad en este corredor fundamental para el transporte de la cosecha pampeana, con \u00e9nfasis en el sector agropecuario e industrial.<\/p>\n<p><a href=\"http:\/\/oasisfm935.com\/site\/wp-content\/uploads\/2019\/03\/descarga-1.jpg\"><img loading=\"lazy\" decoding=\"async\" class=\"alignnone size-full wp-image-1233\" src=\"http:\/\/oasisfm935.com\/site\/wp-content\/uploads\/2019\/03\/descarga-1.jpg\" alt=\"\" width=\"1280\" height=\"721\" srcset=\"https:\/\/oasisfm935.com.ar\/site\/wp-content\/uploads\/2019\/03\/descarga-1.jpg 1280w, https:\/\/oasisfm935.com.ar\/site\/wp-content\/uploads\/2019\/03\/descarga-1-300x169.jpg 300w, https:\/\/oasisfm935.com.ar\/site\/wp-content\/uploads\/2019\/03\/descarga-1-768x433.jpg 768w, https:\/\/oasisfm935.com.ar\/site\/wp-content\/uploads\/2019\/03\/descarga-1-1024x577.jpg 1024w, https:\/\/oasisfm935.com.ar\/site\/wp-content\/uploads\/2019\/03\/descarga-1-678x381.jpg 678w\" sizes=\"auto, (max-width: 1280px) 100vw, 1280px\" \/><\/a><\/p>\n<p><strong>La obra de pavimentaci\u00f3n de los dos alteos de la ruta nacional 35, es financiada por el Ministerio de Transporte de la Naci\u00f3n, a trav\u00e9s de Vialidad Nacional, a partir de un monto de 13 millones de pesos.<\/strong><\/p>\n<blockquote><p>El desarrollo de los trabajos se llevar\u00e1 a cabo habilitando media calzada para el tr\u00e1nsito.<\/p>\n<p><strong>La obra de pavimentaci\u00f3n de los dos alteos de la ruta nacional 35, es financiada por el Ministerio de Transporte de la Naci\u00f3n, a trav\u00e9s de Vialidad Nacional, a partir de un monto de 13 millones de pesos.<\/strong><\/p>\n<blockquote><p>El desarrollo de los trabajos se llevar\u00e1 a cabo habilitando media calzada para el tr\u00e1nsito.}<\/p>\n<p>Zonal Noticias<\/p><\/blockquote>\n<\/blockquote>\n<\/div>\n<div class=\"oasis-despues-del-contenido\" id=\"oasis-3026264161\"><img loading=\"lazy\" decoding=\"async\" src=\"https:\/\/oasisfm935.com.ar\/site\/wp-content\/uploads\/2020\/08\/47806202-8741-49f2-a5c9-d2f930e5baa1.jpg\" alt=\"\"  srcset=\"https:\/\/oasisfm935.com.ar\/site\/wp-content\/uploads\/2020\/08\/47806202-8741-49f2-a5c9-d2f930e5baa1.jpg 1080w, https:\/\/oasisfm935.com.ar\/site\/wp-content\/uploads\/2020\/08\/47806202-8741-49f2-a5c9-d2f930e5baa1-300x300.jpg 300w, https:\/\/oasisfm935.com.ar\/site\/wp-content\/uploads\/2020\/08\/47806202-8741-49f2-a5c9-d2f930e5baa1-1024x1024.jpg 1024w, https:\/\/oasisfm935.com.ar\/site\/wp-content\/uploads\/2020\/08\/47806202-8741-49f2-a5c9-d2f930e5baa1-150x150.jpg 150w, https:\/\/oasisfm935.com.ar\/site\/wp-content\/uploads\/2020\/08\/47806202-8741-49f2-a5c9-d2f930e5baa1-768x768.jpg 768w\" sizes=\"(max-width: 1080px) 100vw, 1080px\" class=\"no-lazyload\" width=\"1080\" height=\"1080\"  style=\"display: inline-block;\" \/><\/div>","protected":false},"excerpt":{"rendered":"<p>Tras el anuncio en febrero, finalmente\u00a0comenz\u00f3 la repavimentaci\u00f3n en el alteo de la ruta nacional 35, al sur de Embajador Martini, entre<\/p>\n","protected":false},"author":4,"featured_media":1232,"comment_status":"closed","ping_status":"open","sticky":false,"template":"","format":"standard","meta":{"colormag_page_layout":"default_layout","footnotes":""},"categories":[2],"tags":[],"class_list":["post-1231","post","type-post","status-publish","format-standard","has-post-thumbnail","hentry","category-noticias"],"_links":{"self":[{"href":"https:\/\/oasisfm935.com.ar\/site\/wp-json\/wp\/v2\/posts\/1231","targetHints":{"allow":["GET"]}}],"collection":[{"href":"https:\/\/oasisfm935.com.ar\/site\/wp-json\/wp\/v2\/posts"}],"about":[{"href":"https:\/\/oasisfm935.com.ar\/site\/wp-json\/wp\/v2\/types\/post"}],"author":[{"embeddable":true,"href":"https:\/\/oasisfm935.com.ar\/site\/wp-json\/wp\/v2\/users\/4"}],"replies":[{"embeddable":true,"href":"https:\/\/oasisfm935.com.ar\/site\/wp-json\/wp\/v2\/comments?post=1231"}],"version-history":[{"count":1,"href":"https:\/\/oasisfm935.com.ar\/site\/wp-json\/wp\/v2\/posts\/1231\/revisions"}],"predecessor-version":[{"id":1235,"href":"https:\/\/oasisfm935.com.ar\/site\/wp-json\/wp\/v2\/posts\/1231\/revisions\/1235"}],"wp:featuredmedia":[{"embeddable":true,"href":"https:\/\/oasisfm935.com.ar\/site\/wp-json\/wp\/v2\/media\/1232"}],"wp:attachment":[{"href":"https:\/\/oasisfm935.com.ar\/site\/wp-json\/wp\/v2\/media?parent=1231"}],"wp:term":[{"taxonomy":"category","embeddable":true,"href":"https:\/\/oasisfm935.com.ar\/site\/wp-json\/wp\/v2\/categories?post=1231"},{"taxonomy":"post_tag","embeddable":true,"href":"https:\/\/oasisfm935.com.ar\/site\/wp-json\/wp\/v2\/tags?post=1231"}],"curies":[{"name":"wp","href":"https:\/\/api.w.org\/{rel}","templated":true}]}}