{"id":1244,"date":"2019-03-27T13:51:27","date_gmt":"2019-03-27T16:51:27","guid":{"rendered":"http:\/\/oasisfm935.com\/site\/?p=1244"},"modified":"2019-03-27T13:51:27","modified_gmt":"2019-03-27T16:51:27","slug":"macri-dijo-que-el-dolar-sube-por-el-contexto-internacional-y-pidio-a-la-gente-que-aguante","status":"publish","type":"post","link":"https:\/\/oasisfm935.com.ar\/site\/macri-dijo-que-el-dolar-sube-por-el-contexto-internacional-y-pidio-a-la-gente-que-aguante\/","title":{"rendered":"Macri dijo que el d\u00f3lar sube por el contexto internacional y pidi\u00f3 a la gente que \u201caguante\u201d"},"content":{"rendered":"<p>El presidente Mauricio Macri adjudic\u00f3 la suba del d\u00f3lar al contexto mundial, dijo que el pa\u00eds hoy tiene \u201cmayor solidez\u201d y le pidi\u00f3 a la gente que \u201caguante\u201d porque \u201ceste es el camino de crecimiento\u201d.<\/p>\n<p>Macri habl\u00f3 en C\u00f3rdoba, luego de que la divisa norteamericana subi\u00f3 por s\u00e9ptima jornada consecutiva y super\u00f3 la barrera de los 44 pesos. En el Banco de La Pampa, en tanto, lleg\u00f3 a los 45 pesos.<\/p>\n<p>\u201cEs muy importante que entendamos que<strong>\u00a0<\/strong>nadie la tiene f\u00e1cil en el mundo. Hoy el d\u00f3lar sube lo mismo en Brasil, en Turqu\u00eda, en todas partes. Hay cosas que pasan que tienen que ver con el mundo\u201d, dijo el jefe de Estado.<\/p>\n<p>\u201cTenemos una pol\u00edtica monetaria seria. Hoyvamos a tener un super\u00e1vit comercial de 10 mil millones de d\u00f3lares, el turismo receptivo crece todos los d\u00edas. Han pasado cosas que nos dan mayor solidez, lo que no significa que si el mundo se deval\u00faa frente al d\u00f3lar, nosotros no devaluemos\u201d, afirm\u00f3.<\/p>\n<p>\u201cTenemos que entender que no hay ning\u00fan tipo de magia. Es la primera vez en d\u00e9cadas que la Argentina entr\u00f3 en una crisis con unas reglas y est\u00e1 saliendo de apoco con las mismas reglas, sin cepos, sin trabas\u201d, dijo.<\/p>\n<p>\u201cEste es el camino del crecimiento sobre bases s\u00f3lidas.\u00a0Esta es\u00a0la primera vez que estamos haciendo las cosas en serio.\u00a0Volver atr\u00e1s ser\u00eda una cat\u00e1strofe para la Argentina. Lo que digo es que tienen que aguantar, yo estoy convencido de lo que estoy haciendo\u201d, agreg\u00f3.<\/p>\n<div class=\"oasis-despues-del-contenido\" id=\"oasis-2347149030\"><img loading=\"lazy\" decoding=\"async\" src=\"https:\/\/oasisfm935.com.ar\/site\/wp-content\/uploads\/2020\/08\/47806202-8741-49f2-a5c9-d2f930e5baa1.jpg\" alt=\"\"  srcset=\"https:\/\/oasisfm935.com.ar\/site\/wp-content\/uploads\/2020\/08\/47806202-8741-49f2-a5c9-d2f930e5baa1.jpg 1080w, https:\/\/oasisfm935.com.ar\/site\/wp-content\/uploads\/2020\/08\/47806202-8741-49f2-a5c9-d2f930e5baa1-300x300.jpg 300w, https:\/\/oasisfm935.com.ar\/site\/wp-content\/uploads\/2020\/08\/47806202-8741-49f2-a5c9-d2f930e5baa1-1024x1024.jpg 1024w, https:\/\/oasisfm935.com.ar\/site\/wp-content\/uploads\/2020\/08\/47806202-8741-49f2-a5c9-d2f930e5baa1-150x150.jpg 150w, https:\/\/oasisfm935.com.ar\/site\/wp-content\/uploads\/2020\/08\/47806202-8741-49f2-a5c9-d2f930e5baa1-768x768.jpg 768w\" sizes=\"(max-width: 1080px) 100vw, 1080px\" class=\"no-lazyload\" width=\"1080\" height=\"1080\"  style=\"display: inline-block;\" \/><\/div>","protected":false},"excerpt":{"rendered":"<p>El presidente Mauricio Macri adjudic\u00f3 la suba del d\u00f3lar al contexto mundial, dijo que el pa\u00eds hoy tiene \u201cmayor solidez\u201d y le<\/p>\n","protected":false},"author":4,"featured_media":858,"comment_status":"closed","ping_status":"open","sticky":false,"template":"","format":"standard","meta":{"colormag_page_layout":"default_layout","footnotes":""},"categories":[3],"tags":[],"class_list":["post-1244","post","type-post","status-publish","format-standard","has-post-thumbnail","hentry","category-avisos"],"_links":{"self":[{"href":"https:\/\/oasisfm935.com.ar\/site\/wp-json\/wp\/v2\/posts\/1244","targetHints":{"allow":["GET"]}}],"collection":[{"href":"https:\/\/oasisfm935.com.ar\/site\/wp-json\/wp\/v2\/posts"}],"about":[{"href":"https:\/\/oasisfm935.com.ar\/site\/wp-json\/wp\/v2\/types\/post"}],"author":[{"embeddable":true,"href":"https:\/\/oasisfm935.com.ar\/site\/wp-json\/wp\/v2\/users\/4"}],"replies":[{"embeddable":true,"href":"https:\/\/oasisfm935.com.ar\/site\/wp-json\/wp\/v2\/comments?post=1244"}],"version-history":[{"count":1,"href":"https:\/\/oasisfm935.com.ar\/site\/wp-json\/wp\/v2\/posts\/1244\/revisions"}],"predecessor-version":[{"id":1245,"href":"https:\/\/oasisfm935.com.ar\/site\/wp-json\/wp\/v2\/posts\/1244\/revisions\/1245"}],"wp:featuredmedia":[{"embeddable":true,"href":"https:\/\/oasisfm935.com.ar\/site\/wp-json\/wp\/v2\/media\/858"}],"wp:attachment":[{"href":"https:\/\/oasisfm935.com.ar\/site\/wp-json\/wp\/v2\/media?parent=1244"}],"wp:term":[{"taxonomy":"category","embeddable":true,"href":"https:\/\/oasisfm935.com.ar\/site\/wp-json\/wp\/v2\/categories?post=1244"},{"taxonomy":"post_tag","embeddable":true,"href":"https:\/\/oasisfm935.com.ar\/site\/wp-json\/wp\/v2\/tags?post=1244"}],"curies":[{"name":"wp","href":"https:\/\/api.w.org\/{rel}","templated":true}]}}