{"id":1246,"date":"2019-03-28T08:24:46","date_gmt":"2019-03-28T11:24:46","guid":{"rendered":"http:\/\/oasisfm935.com\/site\/?p=1246"},"modified":"2019-03-28T08:24:46","modified_gmt":"2019-03-28T11:24:46","slug":"ing-luiggi-se-ponen-en-marcha-las-escuelas-deportivas-municipales-edicion-2019","status":"publish","type":"post","link":"https:\/\/oasisfm935.com.ar\/site\/ing-luiggi-se-ponen-en-marcha-las-escuelas-deportivas-municipales-edicion-2019\/","title":{"rendered":"Ing. Luiggi: se ponen en marcha las Escuelas Deportivas Municipales edici\u00f3n 2019"},"content":{"rendered":"<div class=\"itemIntroText\">\n<p><strong>El responsable del Area de Deportes del municipio luiggense Facundo Gazola \u00a0junto al equipo de coordinadores deportivos anunci\u00f3 en conferencia de prensa el inicio de los programas pertenecientes al Pro Vida de Invierno.<\/strong><\/p>\n<\/div>\n<div class=\"itemFullText\">\n<p>Gazola inform\u00f3 que el programa Cumel\u00e9n, destinado a los adultos mayores,\u00a0 ya inici\u00f3 sus actividades con una buena asistencia.<\/p>\n<blockquote><p>Adem\u00e1s se\u00f1al\u00f3 que \u00a0<strong>\u201cel 3 de abril comenzaremos con las Escuelitas deportivas municipales\u201d.<\/strong><\/p><\/blockquote>\n<p>En este sentido explic\u00f3\u00a0 \u201c<strong>se viene trabajando de a\u00f1os anteriores con b\u00e1squet tanto masculino como femenino, que estar\u00e1 a cargo de Mauro Abratte y de quien les habla\u201d.<\/strong><\/p>\n<blockquote><p>\u201cEn lo que es\u00a0<strong>voley femenino y masculino<\/strong>\u00a0continuar\u00e1 a cargo de Jorgelina Coria, y\u00a0<strong>gimnasia art\u00edstica y r\u00edtmica<\/strong>\u00a0a cargo de Aleandra Velazquez y Chavel\u00ed V\u00e1zquez\u201d.<\/p><\/blockquote>\n<p>El coordinador de Deportes Municipal anunci\u00f3 que las actividades de las Escuelista deportivas municipales iniciar\u00e1n<strong>\u00a0el mi\u00e9rcoles 3 de abril,<\/strong>en tanto que el programa Cumel\u00e9n ya comenz\u00f3 el 18 de marzo.<\/p>\n<hr \/>\n<p><strong>Edades<\/strong><\/p>\n<blockquote><p>Consultado sobre las edades de los chicos, explic\u00f3 \u201c<strong>nosotros comprendemos en las diferentes disciplinas a chicos desde \u00a0los 5 a los 18 a\u00f1os, despu\u00e9s se encuentra lo que es L\u00ednea Joven y el Cumelen<\/strong>\u201d.<\/p><\/blockquote>\n<p>En lo que respecta las Escuelitas Deportivas Municipales,\u00a0 \u00ab<strong>lo que pretendemos es contener y que participen los diferentes j\u00f3venes de la localidad, adem\u00e1s, el aprendizaje de lo que es el deporte, que los chicos incorporen actitudes como el respeto, la solidaridad, el compa\u00f1erismo, la amistad, la tolerancia\u00bb.<\/strong><\/p>\n<hr \/>\n<p><strong>Disciplinas<\/strong><\/p>\n<blockquote><p>Las disciplinas que se ofrecer\u00e1n ser\u00e1n\u00a0\u00a0<strong>b\u00e1squet<\/strong>, tanto masculino como femenino, los lunes y los mi\u00e9rcoles.<\/p>\n<p>En cuanto al\u00a0<strong>voley,<\/strong>\u00a0tanto masculino y femenino se dar\u00e1 \u00a0los martes y jueves, y<strong>\u00a0gimnasia art\u00edstica y r\u00edtmica<\/strong>\u00a0martes y jueves.<\/p><\/blockquote>\n<p><strong>\u201cComo venimos trabajando a\u00f1os anteriores, en estas disciplinas las actividades ser\u00e1n gratuitas\u201d,<\/strong>\u00a0expres\u00f3.<\/p>\n<p>Los deportes estar\u00e1n organizados \u00a0en categor\u00edas de acuerdo a la edad y al desarrollo evolutivo de los ni\u00f1os, que contemplan un horario para los ni\u00f1os de la escuela primaria y los adolescentes que se insertan en el secundario.<\/p>\n<blockquote><p>\u201cEste a\u00f1o seguiremos trabajando con la base que se viene realizando desde que se inici\u00f3 la actividad,<strong>fortaleciendo las t\u00e9cnicas individuales y potenciando el trabajo en grupo,<\/strong>\u00a0para eso desarrollamos diferentes actividades en las jornadas\u201d.<\/p><\/blockquote>\n<p><strong>\u201c Principalmente en los ni\u00f1os, el objetivo es trabajar a partir del juego y as\u00ed desarrollar la motricidad fina y entender de qu\u00e9 se trata este deporte, hasta llegar a nivel m\u00e1s competitivo\u201d,\u00a0<\/strong>remarc\u00f3 Gazola.<\/p>\n<hr \/>\n<p><strong>\u00a0Torneos<\/strong><\/p>\n<blockquote><p>El referente deportivo coment\u00f3 que se buscar\u00e1 \u00a0ir aumentando la cantidad de torneos en los que se participa\u00a0 a lo largo del a\u00f1o, con miras a que los ni\u00f1os y adolescentes puedan aplicar lo aprendido en las clases y al mismo tiempo que se produzca un encuentro con la familia, los ni\u00f1os, y el municipio.<\/p><\/blockquote>\n<p>En lo que respecta a\u00a0<strong>gimnasia art\u00edstica a cargo de\u00a0Aleandra Vel\u00e1zquez y Chavel\u00ed V\u00e1zquez,<\/strong>\u00a0las clases se \u00a0desarrollar\u00e1 martes y jueves de 18 a 19 horas, abarcando una franja etaria desde los \u00a04 a 5 a\u00f1os a 18, tanto\u00a0 masculino como \u00a0femenino.<\/p>\n<blockquote><p>\u201c Nosotros trabajamos todo lo que sea desarrollo motriz, diferentes disciplinas dentro de la gimnasia, baile y aer\u00f3bico. Para finalizar siempre tenemos una muestra donde participa la familia y mostramos lo que se hizo durante el a\u00f1o\u201d, explic\u00f3 Vel\u00e1zquez.<\/p>\n<hr \/>\n<\/blockquote>\n<p><strong>B\u00e1squet<\/strong><\/p>\n<p>En tanto\u00a0<strong>Mauro Abrate, encargado de la disciplina del b\u00e1squet<\/strong>\u00a0\u00a0coment\u00f3 que \u201ces una herramienta para que los chicos adquieran una vida saludable, para socializar con otros compa\u00f1eros\u201d.<\/p>\n<blockquote><p>\u201c Nuestro objetivo es lograr un espacio de contenci\u00f3n para los ni\u00f1os. Sera los lunes y mi\u00e9rcoles de 18 a 19hs, primaria y secundaria, luego separamos por categor\u00edas.\u00a0 Es importante recalcar que este programa integra todos los deportes y tener una herramienta m\u00e1s en la localidad para los malos h\u00e1bitos\u201d.<\/p><\/blockquote>\n<p>El coordinador deportivo\u00a0 expres\u00f3 que que en cada encuentro deportivo con chicos de otras localidades, m\u00e1s all\u00e1 de los resultados deportivos, \u201c<strong>buscamos que ellos practiquen la tolerancia, el respeto ante las dificultades y los errores de los dem\u00e1s\u201d.<\/strong><\/p>\n<hr \/>\n<p><strong>Cumelen<\/strong><\/p>\n<p>En tanto\u00a0<strong>Renzo Odetti, encargo del taller de Cumelen,<\/strong>\u00a0coment\u00f3 que el programa funciona los d\u00edas jueves de \u00a016 a 17 horas.<\/p>\n<blockquote><p>\u201cApuntamos a \u00a0desarrollar distintas actividades que motiven los movimientos motrices finos, movilidad m\u00e1s articular, m\u00e1s movimientos pasivos. \u201cTambi\u00e9n \u00a0tratamos de acompa\u00f1arlos \u00a0en la formaci\u00f3n de las diferentes aptitudes y disciplinas que compiten en los juegos deportivos de adultos mayores, como sapo, tejo y otras\u201d, expres\u00f3.<\/p><\/blockquote>\n<p><strong>Olga Salvadori, otra referente del Cumelen expres\u00f3 que en este momento asisten entre 40 y 45 adultos mayores.<\/strong><\/p>\n<blockquote><p>\u201cEs un grupo muy lindo y van muchos. Les gusta lo que estamos haciendo. Luego de los primeros d\u00edas de abril vamos a empezar con los talleres: folklore, actividades de estimulaci\u00f3n cognitiva y taller de la memoria\u201d.<\/p><\/blockquote>\n<p><strong>\u201cPara el mes de junio vamos a tener la fiesta del Cumelen, ya empezamos a trabajar con la parte de manualidades. Empiezan a dise\u00f1ar cosas. La pasamos muy bien<\/strong>\u201d, concluy\u00f3.<\/p>\n<p><strong>\u00a0\u00a0 Zonal Noticias y FM Oasis<\/strong><\/p>\n<\/div>\n<div class=\"oasis-despues-del-contenido\" id=\"oasis-2328458870\"><img loading=\"lazy\" decoding=\"async\" src=\"https:\/\/oasisfm935.com.ar\/site\/wp-content\/uploads\/2020\/08\/47806202-8741-49f2-a5c9-d2f930e5baa1.jpg\" alt=\"\"  srcset=\"https:\/\/oasisfm935.com.ar\/site\/wp-content\/uploads\/2020\/08\/47806202-8741-49f2-a5c9-d2f930e5baa1.jpg 1080w, https:\/\/oasisfm935.com.ar\/site\/wp-content\/uploads\/2020\/08\/47806202-8741-49f2-a5c9-d2f930e5baa1-300x300.jpg 300w, https:\/\/oasisfm935.com.ar\/site\/wp-content\/uploads\/2020\/08\/47806202-8741-49f2-a5c9-d2f930e5baa1-1024x1024.jpg 1024w, https:\/\/oasisfm935.com.ar\/site\/wp-content\/uploads\/2020\/08\/47806202-8741-49f2-a5c9-d2f930e5baa1-150x150.jpg 150w, https:\/\/oasisfm935.com.ar\/site\/wp-content\/uploads\/2020\/08\/47806202-8741-49f2-a5c9-d2f930e5baa1-768x768.jpg 768w\" sizes=\"(max-width: 1080px) 100vw, 1080px\" class=\"no-lazyload\" width=\"1080\" height=\"1080\"  style=\"display: inline-block;\" \/><\/div>","protected":false},"excerpt":{"rendered":"<p>El responsable del Area de Deportes del municipio luiggense Facundo Gazola \u00a0junto al equipo de coordinadores deportivos anunci\u00f3 en conferencia de prensa<\/p>\n","protected":false},"author":4,"featured_media":1247,"comment_status":"closed","ping_status":"open","sticky":false,"template":"","format":"standard","meta":{"colormag_page_layout":"default_layout","footnotes":""},"categories":[2],"tags":[],"class_list":["post-1246","post","type-post","status-publish","format-standard","has-post-thumbnail","hentry","category-noticias"],"_links":{"self":[{"href":"https:\/\/oasisfm935.com.ar\/site\/wp-json\/wp\/v2\/posts\/1246","targetHints":{"allow":["GET"]}}],"collection":[{"href":"https:\/\/oasisfm935.com.ar\/site\/wp-json\/wp\/v2\/posts"}],"about":[{"href":"https:\/\/oasisfm935.com.ar\/site\/wp-json\/wp\/v2\/types\/post"}],"author":[{"embeddable":true,"href":"https:\/\/oasisfm935.com.ar\/site\/wp-json\/wp\/v2\/users\/4"}],"replies":[{"embeddable":true,"href":"https:\/\/oasisfm935.com.ar\/site\/wp-json\/wp\/v2\/comments?post=1246"}],"version-history":[{"count":1,"href":"https:\/\/oasisfm935.com.ar\/site\/wp-json\/wp\/v2\/posts\/1246\/revisions"}],"predecessor-version":[{"id":1248,"href":"https:\/\/oasisfm935.com.ar\/site\/wp-json\/wp\/v2\/posts\/1246\/revisions\/1248"}],"wp:featuredmedia":[{"embeddable":true,"href":"https:\/\/oasisfm935.com.ar\/site\/wp-json\/wp\/v2\/media\/1247"}],"wp:attachment":[{"href":"https:\/\/oasisfm935.com.ar\/site\/wp-json\/wp\/v2\/media?parent=1246"}],"wp:term":[{"taxonomy":"category","embeddable":true,"href":"https:\/\/oasisfm935.com.ar\/site\/wp-json\/wp\/v2\/categories?post=1246"},{"taxonomy":"post_tag","embeddable":true,"href":"https:\/\/oasisfm935.com.ar\/site\/wp-json\/wp\/v2\/tags?post=1246"}],"curies":[{"name":"wp","href":"https:\/\/api.w.org\/{rel}","templated":true}]}}