{"id":1249,"date":"2019-03-28T10:27:18","date_gmt":"2019-03-28T13:27:18","guid":{"rendered":"http:\/\/oasisfm935.com\/site\/?p=1249"},"modified":"2019-03-28T10:27:18","modified_gmt":"2019-03-28T13:27:18","slug":"ingeniero-luiggi-desayunos-cooperativos","status":"publish","type":"post","link":"https:\/\/oasisfm935.com.ar\/site\/ingeniero-luiggi-desayunos-cooperativos\/","title":{"rendered":"Ingeniero Luiggi : DESAYUNOS COOPERATIVOS"},"content":{"rendered":"<p>La propuesta parte del Ministerio de Desarrollo Social, y hoy se llev\u00f3 a cabo en la Cooperativa El Progreso de Ingeniero Luiggi.La actividad cont\u00f3 con la participaci\u00f3n de la subsecretaria de Descentralizaci\u00f3n Territorial, Patricia Lavin y el equipo t\u00e9cnico de la Direcci\u00f3n de Econom\u00eda Social. \u00c9ste es el segundo desayuno cooperativo de los cuatro encuentros previstos para el mes de marzo y abril. Dictado por Lucy Alainez, el eje de hoy fue \u201cC\u00f3mo agregar valor\u201d, y el objetivo central pensar en c\u00f3mo utilizar los residuos secos que separan para agregar un valor comercial.Se propone que los asistentes piensen en aquellas cuestiones que los van a diferenciar, ya sea por novedoso o innovador como as\u00ed tambi\u00e9n la importancia que tiene el utilizar material reciclado y lo que eso significa en el cuidado del medio ambiente para la comunidad. Tambi\u00e9n pensar qu\u00e9 productos puedan crear a partir de la separaci\u00f3n de los materiales en la planta y que se pueda comercializar.<a href=\"http:\/\/oasisfm935.com\/site\/wp-content\/uploads\/2019\/03\/55498105_2288950381367851_8987334558550589440_n.jpg\"><img loading=\"lazy\" decoding=\"async\" class=\"alignnone size-full wp-image-1251\" src=\"http:\/\/oasisfm935.com\/site\/wp-content\/uploads\/2019\/03\/55498105_2288950381367851_8987334558550589440_n.jpg\" alt=\"\" width=\"960\" height=\"640\" srcset=\"https:\/\/oasisfm935.com.ar\/site\/wp-content\/uploads\/2019\/03\/55498105_2288950381367851_8987334558550589440_n.jpg 960w, https:\/\/oasisfm935.com.ar\/site\/wp-content\/uploads\/2019\/03\/55498105_2288950381367851_8987334558550589440_n-300x200.jpg 300w, https:\/\/oasisfm935.com.ar\/site\/wp-content\/uploads\/2019\/03\/55498105_2288950381367851_8987334558550589440_n-768x512.jpg 768w\" sizes=\"auto, (max-width: 960px) 100vw, 960px\" \/><\/a><\/p>\n<div class=\"oasis-despues-del-contenido\" id=\"oasis-4163301602\"><img loading=\"lazy\" decoding=\"async\" src=\"https:\/\/oasisfm935.com.ar\/site\/wp-content\/uploads\/2020\/08\/47806202-8741-49f2-a5c9-d2f930e5baa1.jpg\" alt=\"\"  srcset=\"https:\/\/oasisfm935.com.ar\/site\/wp-content\/uploads\/2020\/08\/47806202-8741-49f2-a5c9-d2f930e5baa1.jpg 1080w, https:\/\/oasisfm935.com.ar\/site\/wp-content\/uploads\/2020\/08\/47806202-8741-49f2-a5c9-d2f930e5baa1-300x300.jpg 300w, https:\/\/oasisfm935.com.ar\/site\/wp-content\/uploads\/2020\/08\/47806202-8741-49f2-a5c9-d2f930e5baa1-1024x1024.jpg 1024w, https:\/\/oasisfm935.com.ar\/site\/wp-content\/uploads\/2020\/08\/47806202-8741-49f2-a5c9-d2f930e5baa1-150x150.jpg 150w, https:\/\/oasisfm935.com.ar\/site\/wp-content\/uploads\/2020\/08\/47806202-8741-49f2-a5c9-d2f930e5baa1-768x768.jpg 768w\" sizes=\"(max-width: 1080px) 100vw, 1080px\" class=\"no-lazyload\" width=\"1080\" height=\"1080\"  style=\"display: inline-block;\" \/><\/div>","protected":false},"excerpt":{"rendered":"<p>La propuesta parte del Ministerio de Desarrollo Social, y hoy se llev\u00f3 a cabo en la Cooperativa El Progreso de Ingeniero Luiggi.La<\/p>\n","protected":false},"author":4,"featured_media":1250,"comment_status":"closed","ping_status":"open","sticky":false,"template":"","format":"standard","meta":{"colormag_page_layout":"default_layout","footnotes":""},"categories":[2],"tags":[],"class_list":["post-1249","post","type-post","status-publish","format-standard","has-post-thumbnail","hentry","category-noticias"],"_links":{"self":[{"href":"https:\/\/oasisfm935.com.ar\/site\/wp-json\/wp\/v2\/posts\/1249","targetHints":{"allow":["GET"]}}],"collection":[{"href":"https:\/\/oasisfm935.com.ar\/site\/wp-json\/wp\/v2\/posts"}],"about":[{"href":"https:\/\/oasisfm935.com.ar\/site\/wp-json\/wp\/v2\/types\/post"}],"author":[{"embeddable":true,"href":"https:\/\/oasisfm935.com.ar\/site\/wp-json\/wp\/v2\/users\/4"}],"replies":[{"embeddable":true,"href":"https:\/\/oasisfm935.com.ar\/site\/wp-json\/wp\/v2\/comments?post=1249"}],"version-history":[{"count":1,"href":"https:\/\/oasisfm935.com.ar\/site\/wp-json\/wp\/v2\/posts\/1249\/revisions"}],"predecessor-version":[{"id":1252,"href":"https:\/\/oasisfm935.com.ar\/site\/wp-json\/wp\/v2\/posts\/1249\/revisions\/1252"}],"wp:featuredmedia":[{"embeddable":true,"href":"https:\/\/oasisfm935.com.ar\/site\/wp-json\/wp\/v2\/media\/1250"}],"wp:attachment":[{"href":"https:\/\/oasisfm935.com.ar\/site\/wp-json\/wp\/v2\/media?parent=1249"}],"wp:term":[{"taxonomy":"category","embeddable":true,"href":"https:\/\/oasisfm935.com.ar\/site\/wp-json\/wp\/v2\/categories?post=1249"},{"taxonomy":"post_tag","embeddable":true,"href":"https:\/\/oasisfm935.com.ar\/site\/wp-json\/wp\/v2\/tags?post=1249"}],"curies":[{"name":"wp","href":"https:\/\/api.w.org\/{rel}","templated":true}]}}