{"id":1255,"date":"2019-03-28T16:25:14","date_gmt":"2019-03-28T19:25:14","guid":{"rendered":"http:\/\/oasisfm935.com\/site\/?p=1255"},"modified":"2019-03-28T16:28:32","modified_gmt":"2019-03-28T19:28:32","slug":"el-gas-tendra-un-aumento-del-29","status":"publish","type":"post","link":"https:\/\/oasisfm935.com.ar\/site\/el-gas-tendra-un-aumento-del-29\/","title":{"rendered":"El gas tendr\u00e1 un aumento del 29%"},"content":{"rendered":"<p>El incremento del 29% en las tarifas de gas se aplicar\u00e1 de manera gradual, en tres cuotas a pagarse en abril, mayo y junio, aunque las empresas recibir\u00e1n la recomposici\u00f3n en un solo tramo y ser\u00e1 el Ggobierno quien se haga carga de la diferencia hasta que el ajuste se aplique de manera plena a los usuarios.<\/p>\n<p>Las subas ser\u00e1n del 10% el primero y segundo mes, y el resto en junio.<\/p>\n<p>Fuentes de la Secretar\u00eda de Energ\u00eda explicaron que \u00abel Gobierno financiar\u00e1 a las empresas porque el marco regulatorio le impide pagarle en cuotas el ajuste semestral\u00bb.<\/p>\n<p>Es decir, el gobierno realizar\u00e1 un desembolso millonario en favor de las productoras y distribuidoras de gas.<\/p>\n<div class=\"oasis-despues-del-contenido\" id=\"oasis-3815380722\"><img loading=\"lazy\" decoding=\"async\" src=\"https:\/\/oasisfm935.com.ar\/site\/wp-content\/uploads\/2020\/08\/47806202-8741-49f2-a5c9-d2f930e5baa1.jpg\" alt=\"\"  srcset=\"https:\/\/oasisfm935.com.ar\/site\/wp-content\/uploads\/2020\/08\/47806202-8741-49f2-a5c9-d2f930e5baa1.jpg 1080w, https:\/\/oasisfm935.com.ar\/site\/wp-content\/uploads\/2020\/08\/47806202-8741-49f2-a5c9-d2f930e5baa1-300x300.jpg 300w, https:\/\/oasisfm935.com.ar\/site\/wp-content\/uploads\/2020\/08\/47806202-8741-49f2-a5c9-d2f930e5baa1-1024x1024.jpg 1024w, https:\/\/oasisfm935.com.ar\/site\/wp-content\/uploads\/2020\/08\/47806202-8741-49f2-a5c9-d2f930e5baa1-150x150.jpg 150w, https:\/\/oasisfm935.com.ar\/site\/wp-content\/uploads\/2020\/08\/47806202-8741-49f2-a5c9-d2f930e5baa1-768x768.jpg 768w\" sizes=\"(max-width: 1080px) 100vw, 1080px\" class=\"no-lazyload\" width=\"1080\" height=\"1080\"  style=\"display: inline-block;\" \/><\/div>","protected":false},"excerpt":{"rendered":"<p>El incremento del 29% en las tarifas de gas se aplicar\u00e1 de manera gradual, en tres cuotas a pagarse en abril, mayo<\/p>\n","protected":false},"author":4,"featured_media":1256,"comment_status":"closed","ping_status":"open","sticky":false,"template":"","format":"standard","meta":{"colormag_page_layout":"default_layout","footnotes":""},"categories":[2],"tags":[],"class_list":["post-1255","post","type-post","status-publish","format-standard","has-post-thumbnail","hentry","category-noticias"],"_links":{"self":[{"href":"https:\/\/oasisfm935.com.ar\/site\/wp-json\/wp\/v2\/posts\/1255","targetHints":{"allow":["GET"]}}],"collection":[{"href":"https:\/\/oasisfm935.com.ar\/site\/wp-json\/wp\/v2\/posts"}],"about":[{"href":"https:\/\/oasisfm935.com.ar\/site\/wp-json\/wp\/v2\/types\/post"}],"author":[{"embeddable":true,"href":"https:\/\/oasisfm935.com.ar\/site\/wp-json\/wp\/v2\/users\/4"}],"replies":[{"embeddable":true,"href":"https:\/\/oasisfm935.com.ar\/site\/wp-json\/wp\/v2\/comments?post=1255"}],"version-history":[{"count":1,"href":"https:\/\/oasisfm935.com.ar\/site\/wp-json\/wp\/v2\/posts\/1255\/revisions"}],"predecessor-version":[{"id":1257,"href":"https:\/\/oasisfm935.com.ar\/site\/wp-json\/wp\/v2\/posts\/1255\/revisions\/1257"}],"wp:featuredmedia":[{"embeddable":true,"href":"https:\/\/oasisfm935.com.ar\/site\/wp-json\/wp\/v2\/media\/1256"}],"wp:attachment":[{"href":"https:\/\/oasisfm935.com.ar\/site\/wp-json\/wp\/v2\/media?parent=1255"}],"wp:term":[{"taxonomy":"category","embeddable":true,"href":"https:\/\/oasisfm935.com.ar\/site\/wp-json\/wp\/v2\/categories?post=1255"},{"taxonomy":"post_tag","embeddable":true,"href":"https:\/\/oasisfm935.com.ar\/site\/wp-json\/wp\/v2\/tags?post=1255"}],"curies":[{"name":"wp","href":"https:\/\/api.w.org\/{rel}","templated":true}]}}