{"id":1260,"date":"2019-03-28T17:41:20","date_gmt":"2019-03-28T20:41:20","guid":{"rendered":"http:\/\/oasisfm935.com\/site\/?p=1260"},"modified":"2019-03-28T17:41:20","modified_gmt":"2019-03-28T20:41:20","slug":"la-pobreza-aumento-a-32","status":"publish","type":"post","link":"https:\/\/oasisfm935.com.ar\/site\/la-pobreza-aumento-a-32\/","title":{"rendered":"La pobreza aument\u00f3 a 32%"},"content":{"rendered":"<p>El \u00edndice registr\u00f3 una suba de 6,2 puntos porcentuales frente a igual per\u00edodo de 2017 (25,7%), y un incremento de 4,7 puntos con relaci\u00f3n al semestre previo (27,3%). En Santa Rosa-Toay el INDEC midi\u00f3 una pobreza del 32,1%.<\/p>\n<p>Por la ca\u00edda de la econom\u00eda, la devaluaci\u00f3n del peso, y un incremento en los precios por sobre los salarios, la pobreza aument\u00f3 fuerte al 32% en el segundo semestre de 2018, seg\u00fan el Instituto Nacional de Estad\u00edstica y Censos (INDEC). En el aglomerado Santa Rosa-Toay la cifra medida fue del 32,1%.<\/p>\n<p>Lejos del slogan de campa\u00f1a \u00abpobreza cero\u00bb que utiliz\u00f3 el presidente Mauricio Macri durante 2015, el \u00edndice registr\u00f3 una fuerte suba de 6,2 puntos porcentuales frente a igual per\u00edodo de 2017 (25,7%), y un incremento de 4,7 puntos con relaci\u00f3n al semestre previo (27,3%).<\/p>\n<p>Durante el a\u00f1o pasado la econom\u00eda baj\u00f3 2,5%, la inflaci\u00f3n lleg\u00f3 al 47,6% y la desocupaci\u00f3n subi\u00f3 al 9,1% desde el 7,2% de finales del 2017, seg\u00fan datos del propio Indec.<\/p>\n<p>El INDEC inform\u00f3 adem\u00e1s que el 6,7% de la poblaci\u00f3n se encontraba en situaci\u00f3n de indigencia en ese per\u00edodo, comparado con un 4,8% en el segundo semestre de 2017.<\/p>\n<p>Los hogares en situaci\u00f3n de pobreza alcanzaron al 23,4% en el per\u00edodo julio-diciembre 2018, desde un 17,9% en el mismo periodo de 2017.<\/p>\n<p>La poblaci\u00f3n total de los 31 aglomerados analizados por el ente estad\u00edstico es de 27.877.858 personas y est\u00e1 constituida en 9.171.687 hogares.<\/p>\n<p>Hace unos d\u00edas, el presidente Mauricio Macri afirm\u00f3 que \u201cvamos a tener el mismo nivel de pobreza que cuando asumimos \u201d (32,2%), y explic\u00f3 que \u201cno promet\u00ed \u2018pobreza cero\u2019, (sino que) es una tendencia a la que tenemos que ir trabajando.<\/p>\n<p>El lunes, el Observatorio de la Deuda Social de la Universidad Cat\u00f3lica Argentina (UCA) dio a conocer sus estimaciones, y difundi\u00f3 que la pobreza escal\u00f3 4,7 puntos porcentuales en 2018 hasta el 31,3% de la poblaci\u00f3n argentina y ya afecta a 12,7 millones de personas.<\/p>\n<p>En ese contexto, el 28,2% de la poblaci\u00f3n tiene serios problemas alimentarios, dice el informe de la UCA que a diferencia del INDEC no mide por ingresos sino que realiza una medici\u00f3n sobre seis dimensiones de carencia humana.<\/p>\n<div class=\"oasis-despues-del-contenido\" id=\"oasis-391460673\"><img loading=\"lazy\" decoding=\"async\" src=\"https:\/\/oasisfm935.com.ar\/site\/wp-content\/uploads\/2020\/08\/47806202-8741-49f2-a5c9-d2f930e5baa1.jpg\" alt=\"\"  srcset=\"https:\/\/oasisfm935.com.ar\/site\/wp-content\/uploads\/2020\/08\/47806202-8741-49f2-a5c9-d2f930e5baa1.jpg 1080w, https:\/\/oasisfm935.com.ar\/site\/wp-content\/uploads\/2020\/08\/47806202-8741-49f2-a5c9-d2f930e5baa1-300x300.jpg 300w, https:\/\/oasisfm935.com.ar\/site\/wp-content\/uploads\/2020\/08\/47806202-8741-49f2-a5c9-d2f930e5baa1-1024x1024.jpg 1024w, https:\/\/oasisfm935.com.ar\/site\/wp-content\/uploads\/2020\/08\/47806202-8741-49f2-a5c9-d2f930e5baa1-150x150.jpg 150w, https:\/\/oasisfm935.com.ar\/site\/wp-content\/uploads\/2020\/08\/47806202-8741-49f2-a5c9-d2f930e5baa1-768x768.jpg 768w\" sizes=\"(max-width: 1080px) 100vw, 1080px\" class=\"no-lazyload\" width=\"1080\" height=\"1080\"  style=\"display: inline-block;\" \/><\/div>","protected":false},"excerpt":{"rendered":"<p>El \u00edndice registr\u00f3 una suba de 6,2 puntos porcentuales frente a igual per\u00edodo de 2017 (25,7%), y un incremento de 4,7 puntos<\/p>\n","protected":false},"author":4,"featured_media":1261,"comment_status":"closed","ping_status":"open","sticky":false,"template":"","format":"standard","meta":{"colormag_page_layout":"default_layout","footnotes":""},"categories":[2],"tags":[],"class_list":["post-1260","post","type-post","status-publish","format-standard","has-post-thumbnail","hentry","category-noticias"],"_links":{"self":[{"href":"https:\/\/oasisfm935.com.ar\/site\/wp-json\/wp\/v2\/posts\/1260","targetHints":{"allow":["GET"]}}],"collection":[{"href":"https:\/\/oasisfm935.com.ar\/site\/wp-json\/wp\/v2\/posts"}],"about":[{"href":"https:\/\/oasisfm935.com.ar\/site\/wp-json\/wp\/v2\/types\/post"}],"author":[{"embeddable":true,"href":"https:\/\/oasisfm935.com.ar\/site\/wp-json\/wp\/v2\/users\/4"}],"replies":[{"embeddable":true,"href":"https:\/\/oasisfm935.com.ar\/site\/wp-json\/wp\/v2\/comments?post=1260"}],"version-history":[{"count":1,"href":"https:\/\/oasisfm935.com.ar\/site\/wp-json\/wp\/v2\/posts\/1260\/revisions"}],"predecessor-version":[{"id":1262,"href":"https:\/\/oasisfm935.com.ar\/site\/wp-json\/wp\/v2\/posts\/1260\/revisions\/1262"}],"wp:featuredmedia":[{"embeddable":true,"href":"https:\/\/oasisfm935.com.ar\/site\/wp-json\/wp\/v2\/media\/1261"}],"wp:attachment":[{"href":"https:\/\/oasisfm935.com.ar\/site\/wp-json\/wp\/v2\/media?parent=1260"}],"wp:term":[{"taxonomy":"category","embeddable":true,"href":"https:\/\/oasisfm935.com.ar\/site\/wp-json\/wp\/v2\/categories?post=1260"},{"taxonomy":"post_tag","embeddable":true,"href":"https:\/\/oasisfm935.com.ar\/site\/wp-json\/wp\/v2\/tags?post=1260"}],"curies":[{"name":"wp","href":"https:\/\/api.w.org\/{rel}","templated":true}]}}