{"id":1267,"date":"2019-03-28T19:47:08","date_gmt":"2019-03-28T22:47:08","guid":{"rendered":"http:\/\/oasisfm935.com\/site\/?p=1267"},"modified":"2019-03-28T19:47:08","modified_gmt":"2019-03-28T22:47:08","slug":"un-menor-hurto-una-camioneta-en-caleufu-en-el-2017-y-hoy-la-justicia-declaro-la-responsabilidad-penal","status":"publish","type":"post","link":"https:\/\/oasisfm935.com.ar\/site\/un-menor-hurto-una-camioneta-en-caleufu-en-el-2017-y-hoy-la-justicia-declaro-la-responsabilidad-penal\/","title":{"rendered":"Un menor hurt\u00f3 una camioneta en Caleuf\u00fa en el 2017 y hoy la justicia declar\u00f3 la responsabilidad penal"},"content":{"rendered":"<p>En su momento, el due\u00f1o de la camioneta hab\u00eda dialogado con infopico.com y hab\u00eda manifestado que al momento del robo estaba repartiendo viandas \u00abme baje a buscar viandas, dej\u00e9 la camioneta con las llaves puestas y cuando sal\u00ed ya no estaba m\u00e1s, habr\u00e9 tardado diez minutos\u00bb. Hoy la justicia declar\u00f3\u00a0la responsabilidad penal al joven que en ese momento ten\u00eda 16 a\u00f1os.<\/p>\n<p>El juez de control de General Pico declar\u00f3 la responsabilidad penal de un joven- que al momento del hecho contaba con 16 a\u00f1os- por la comisi\u00f3n del delito de hurto agravado de un veh\u00edculo dejado en la v\u00eda p\u00fablica.<\/p>\n<p>La sentencia fue dictada en el marco de un acuerdo de juicio abreviado solicitado por el fiscal interviniente Dami\u00e1n Campos, la defensora oficial sustituta Elba Pozze y el imputado quien confes\u00f3 su culpabilidad.<\/p>\n<p>El hecho acordado por las partes consisti\u00f3 en que el 23 de julio de 2017, el imputado sustrajo -sin ejercer fuerza o violencia- un veh\u00edculo tipo pick up, que se hallaba estacionado en una de las calles de la localidad de Caleuf\u00fa. El rodado se encontraba con la llave de arranque y con sus puertas sin seguro, dado que su propietario se encontraba realizando entregas de viandas en raz\u00f3n de sus tareas laborales. El imputado fue demorado (junto a otras personas) luego de que se lo identificara a bordo de la camioneta en cuesti\u00f3n en la rotonda cercana a la localidad de Realic\u00f3.<\/p>\n<p>&nbsp;<\/p>\n<p>Gilardenghi agreg\u00f3 en la sentencia que \u201ccomo el imputado era menor de edad a la fecha del hecho (ten\u00eda 16 a\u00f1os al d\u00eda 23\/07\/2017), no resulta pertinente en esta etapa resolver sobre una eventual imposici\u00f3n de pena, ya que de acuerdo a su edad al momento de comisi\u00f3n del hecho corresponde aplicarle el ^R\u00e9gimen Penal de la Minoridad^ (o derecho penal minoril) establecido por las leyes n\u00ba 22.278 (T.O. ley n\u00ba 22.803) y modificatorias, raz\u00f3n por la que s\u00f3lo corresponde en este fuero dictar su declaraci\u00f3n de autor\u00eda y responsabilidad penal. El tratamiento tutelar corresponde al fuero de la Familia y Ni\u00f1os, Ni\u00f1as y Adolescentes e incluso luego de su tr\u00e1mite y de la eventual imposici\u00f3n de una pena -en caso de corresponder-, deber\u00e1 entender ese mismo Juzgado en la etapa de ejecuci\u00f3n como Tribunal de Ejecuci\u00f3n de la Pena\u201d y orden\u00f3 remitir copia de la sentencia al mencionado organismo.<\/p>\n<p>&nbsp;<\/p>\n<p>fuente : Info Pico<\/p>\n<div class=\"oasis-despues-del-contenido\" id=\"oasis-793169892\"><img loading=\"lazy\" decoding=\"async\" src=\"https:\/\/oasisfm935.com.ar\/site\/wp-content\/uploads\/2020\/08\/47806202-8741-49f2-a5c9-d2f930e5baa1.jpg\" alt=\"\"  srcset=\"https:\/\/oasisfm935.com.ar\/site\/wp-content\/uploads\/2020\/08\/47806202-8741-49f2-a5c9-d2f930e5baa1.jpg 1080w, https:\/\/oasisfm935.com.ar\/site\/wp-content\/uploads\/2020\/08\/47806202-8741-49f2-a5c9-d2f930e5baa1-300x300.jpg 300w, https:\/\/oasisfm935.com.ar\/site\/wp-content\/uploads\/2020\/08\/47806202-8741-49f2-a5c9-d2f930e5baa1-1024x1024.jpg 1024w, https:\/\/oasisfm935.com.ar\/site\/wp-content\/uploads\/2020\/08\/47806202-8741-49f2-a5c9-d2f930e5baa1-150x150.jpg 150w, https:\/\/oasisfm935.com.ar\/site\/wp-content\/uploads\/2020\/08\/47806202-8741-49f2-a5c9-d2f930e5baa1-768x768.jpg 768w\" sizes=\"(max-width: 1080px) 100vw, 1080px\" class=\"no-lazyload\" width=\"1080\" height=\"1080\"  style=\"display: inline-block;\" \/><\/div>","protected":false},"excerpt":{"rendered":"<p>En su momento, el due\u00f1o de la camioneta hab\u00eda dialogado con infopico.com y hab\u00eda manifestado que al momento del robo estaba repartiendo<\/p>\n","protected":false},"author":4,"featured_media":1268,"comment_status":"closed","ping_status":"open","sticky":false,"template":"","format":"standard","meta":{"colormag_page_layout":"default_layout","footnotes":""},"categories":[2],"tags":[],"class_list":["post-1267","post","type-post","status-publish","format-standard","has-post-thumbnail","hentry","category-noticias"],"_links":{"self":[{"href":"https:\/\/oasisfm935.com.ar\/site\/wp-json\/wp\/v2\/posts\/1267","targetHints":{"allow":["GET"]}}],"collection":[{"href":"https:\/\/oasisfm935.com.ar\/site\/wp-json\/wp\/v2\/posts"}],"about":[{"href":"https:\/\/oasisfm935.com.ar\/site\/wp-json\/wp\/v2\/types\/post"}],"author":[{"embeddable":true,"href":"https:\/\/oasisfm935.com.ar\/site\/wp-json\/wp\/v2\/users\/4"}],"replies":[{"embeddable":true,"href":"https:\/\/oasisfm935.com.ar\/site\/wp-json\/wp\/v2\/comments?post=1267"}],"version-history":[{"count":1,"href":"https:\/\/oasisfm935.com.ar\/site\/wp-json\/wp\/v2\/posts\/1267\/revisions"}],"predecessor-version":[{"id":1269,"href":"https:\/\/oasisfm935.com.ar\/site\/wp-json\/wp\/v2\/posts\/1267\/revisions\/1269"}],"wp:featuredmedia":[{"embeddable":true,"href":"https:\/\/oasisfm935.com.ar\/site\/wp-json\/wp\/v2\/media\/1268"}],"wp:attachment":[{"href":"https:\/\/oasisfm935.com.ar\/site\/wp-json\/wp\/v2\/media?parent=1267"}],"wp:term":[{"taxonomy":"category","embeddable":true,"href":"https:\/\/oasisfm935.com.ar\/site\/wp-json\/wp\/v2\/categories?post=1267"},{"taxonomy":"post_tag","embeddable":true,"href":"https:\/\/oasisfm935.com.ar\/site\/wp-json\/wp\/v2\/tags?post=1267"}],"curies":[{"name":"wp","href":"https:\/\/api.w.org\/{rel}","templated":true}]}}