{"id":1274,"date":"2019-03-29T09:04:45","date_gmt":"2019-03-29T12:04:45","guid":{"rendered":"http:\/\/oasisfm935.com\/site\/?p=1274"},"modified":"2019-03-29T09:04:45","modified_gmt":"2019-03-29T12:04:45","slug":"los-galgueros-pampeanos-esperan-la-resolucion-de-un-amparo-para-volver-con-las-carreras","status":"publish","type":"post","link":"https:\/\/oasisfm935.com.ar\/site\/los-galgueros-pampeanos-esperan-la-resolucion-de-un-amparo-para-volver-con-las-carreras\/","title":{"rendered":"Los galgueros pampeanos esperan la resoluci\u00f3n de un amparo para volver con las carreras."},"content":{"rendered":"<p>Los criadores de galgos en La Pampa se juntan el domingo. Y no para ba\u00f1ar a los\u00a0<em>ropes<\/em>, sino para ponerse al corriente de lo que, dicen, pueden abrirles las puertas a retomar la actividad de las carreras, prohibidas desde 2016 por un Ley Nacional, la 27.330. \u201cEs inminente la resoluci\u00f3n de un amparo judicial que presentamos. El domingo tenemos nuestra asamblea general para ponernos al corriente\u201d, adelant\u00f3 el titular de la Asociaci\u00f3n Pampeana, Jorge Briguez, quien adem\u00e1s sostuvo que son v\u00edctimas de discriminaci\u00f3n: \u201cLa ley es maliciosa. Permiten correr a caballos, jineteadas y polo, todo con jinete. Nuestros galgos corren solos, y los cuidamos como hijos\u201d, sostuvo.<\/p>\n<p><a href=\"http:\/\/oasisfm935.com\/site\/wp-content\/uploads\/2019\/03\/galgueros-e1553839405795-735x400.jpg\"><img loading=\"lazy\" decoding=\"async\" class=\"alignnone size-full wp-image-1275\" src=\"http:\/\/oasisfm935.com\/site\/wp-content\/uploads\/2019\/03\/galgueros-e1553839405795-735x400.jpg\" alt=\"\" width=\"735\" height=\"400\" srcset=\"https:\/\/oasisfm935.com.ar\/site\/wp-content\/uploads\/2019\/03\/galgueros-e1553839405795-735x400.jpg 735w, https:\/\/oasisfm935.com.ar\/site\/wp-content\/uploads\/2019\/03\/galgueros-e1553839405795-735x400-300x163.jpg 300w\" sizes=\"auto, (max-width: 735px) 100vw, 735px\" \/><\/a><\/p>\n<p>&nbsp;<\/p>\n<p>Los\u00a0<em>pichicheros<\/em>\u00a0se re\u00fanen este domingo en el SUM de Villa Germinal, donde tendr\u00e1 lugar la Asamblea General Ordinaria en la que, adem\u00e1s de tratar el orden del d\u00eda, se pondr\u00e1n al corriente de lo que creen podr\u00eda allanarles el camino para volver a hacer correr a sus galgos: \u201cEstamos muy bien posicionados, tenemos bases muy s\u00f3lidas y esperamos una inminente resoluci\u00f3n favorable al amparo judicial que presentamos hace un a\u00f1o y medio\u201d, dijo Briguez a\u00a0<em>Somos La Pampa<\/em>.<\/p>\n<p>Si bien la Ley 27.330 sigue vigente en todo el pa\u00eds y es una norma suprema por cualquiera provincial, el criador se tiene fe y reconoci\u00f3 que todos siguen en actividad: \u201cEst\u00e1n prohibidas las carreras, pero seguimos criando a los galgos y tenemos buenas expectativas. De hecho la justicia ya le solicit\u00f3 al gobierno provincial que informe c\u00f3mo controlar\u00eda las carreras en caso de que volvamos y se termine esta ley maliciosa. Ac\u00e1 corren los caballos, hay doma y Polo, todos caballos con jinetes nosotros y nosotros los hacemos correr solos. Claramente estamos siendo discriminados\u201d, sostuvo.<\/p>\n<p>&nbsp;<\/p>\n<p>Incluso, dej\u00f3 en claro que no se oponen a los controles y hasta piden la participaci\u00f3n de las asociaciones protectoras de animales: \u201cQueremos legalidad; queremos antidoping y perro chipeados. Tambi\u00e9n que la ley castigue con todo el rigor a quienes hacen las cosas mal. Nosotros cuidamos a nuestros perros como hijos, y la \u00fanica manera de cuidarlos es en actividad\u201d, finaliz\u00f3.<\/p>\n<p>En Diciembre del 2016 entr\u00f3 en vigencia la ley Nacional 27.330, que proh\u00edbe la carrera de perros en todo el territorio argentino. La norma reza que \u201cTodo aquel que promoviere, facilitare, organizare o realizare una carrera de perros de cualquier raza, tendr\u00e1 una pena de 3 meses a 4 a\u00f1os de prisi\u00f3n y una multa que va desde los 4 mil a 80 mil pesos\u201d. En La Pampa, los criadores creen que el amparo puede terminar con el impedimento.<\/p>\n<p>&nbsp;<\/p>\n<p>Santa Rosa (2b)<\/p>\n<div class=\"oasis-despues-del-contenido\" id=\"oasis-810068568\"><img loading=\"lazy\" decoding=\"async\" src=\"https:\/\/oasisfm935.com.ar\/site\/wp-content\/uploads\/2020\/08\/47806202-8741-49f2-a5c9-d2f930e5baa1.jpg\" alt=\"\"  srcset=\"https:\/\/oasisfm935.com.ar\/site\/wp-content\/uploads\/2020\/08\/47806202-8741-49f2-a5c9-d2f930e5baa1.jpg 1080w, https:\/\/oasisfm935.com.ar\/site\/wp-content\/uploads\/2020\/08\/47806202-8741-49f2-a5c9-d2f930e5baa1-300x300.jpg 300w, https:\/\/oasisfm935.com.ar\/site\/wp-content\/uploads\/2020\/08\/47806202-8741-49f2-a5c9-d2f930e5baa1-1024x1024.jpg 1024w, https:\/\/oasisfm935.com.ar\/site\/wp-content\/uploads\/2020\/08\/47806202-8741-49f2-a5c9-d2f930e5baa1-150x150.jpg 150w, https:\/\/oasisfm935.com.ar\/site\/wp-content\/uploads\/2020\/08\/47806202-8741-49f2-a5c9-d2f930e5baa1-768x768.jpg 768w\" sizes=\"(max-width: 1080px) 100vw, 1080px\" class=\"no-lazyload\" width=\"1080\" height=\"1080\"  style=\"display: inline-block;\" \/><\/div>","protected":false},"excerpt":{"rendered":"<p>Los criadores de galgos en La Pampa se juntan el domingo. Y no para ba\u00f1ar a los\u00a0ropes, sino para ponerse al corriente<\/p>\n","protected":false},"author":4,"featured_media":1276,"comment_status":"closed","ping_status":"open","sticky":false,"template":"","format":"standard","meta":{"colormag_page_layout":"default_layout","footnotes":""},"categories":[2],"tags":[],"class_list":["post-1274","post","type-post","status-publish","format-standard","has-post-thumbnail","hentry","category-noticias"],"_links":{"self":[{"href":"https:\/\/oasisfm935.com.ar\/site\/wp-json\/wp\/v2\/posts\/1274","targetHints":{"allow":["GET"]}}],"collection":[{"href":"https:\/\/oasisfm935.com.ar\/site\/wp-json\/wp\/v2\/posts"}],"about":[{"href":"https:\/\/oasisfm935.com.ar\/site\/wp-json\/wp\/v2\/types\/post"}],"author":[{"embeddable":true,"href":"https:\/\/oasisfm935.com.ar\/site\/wp-json\/wp\/v2\/users\/4"}],"replies":[{"embeddable":true,"href":"https:\/\/oasisfm935.com.ar\/site\/wp-json\/wp\/v2\/comments?post=1274"}],"version-history":[{"count":1,"href":"https:\/\/oasisfm935.com.ar\/site\/wp-json\/wp\/v2\/posts\/1274\/revisions"}],"predecessor-version":[{"id":1277,"href":"https:\/\/oasisfm935.com.ar\/site\/wp-json\/wp\/v2\/posts\/1274\/revisions\/1277"}],"wp:featuredmedia":[{"embeddable":true,"href":"https:\/\/oasisfm935.com.ar\/site\/wp-json\/wp\/v2\/media\/1276"}],"wp:attachment":[{"href":"https:\/\/oasisfm935.com.ar\/site\/wp-json\/wp\/v2\/media?parent=1274"}],"wp:term":[{"taxonomy":"category","embeddable":true,"href":"https:\/\/oasisfm935.com.ar\/site\/wp-json\/wp\/v2\/categories?post=1274"},{"taxonomy":"post_tag","embeddable":true,"href":"https:\/\/oasisfm935.com.ar\/site\/wp-json\/wp\/v2\/tags?post=1274"}],"curies":[{"name":"wp","href":"https:\/\/api.w.org\/{rel}","templated":true}]}}