{"id":1278,"date":"2019-03-29T16:46:17","date_gmt":"2019-03-29T19:46:17","guid":{"rendered":"http:\/\/oasisfm935.com\/site\/?p=1278"},"modified":"2019-03-29T16:46:17","modified_gmt":"2019-03-29T19:46:17","slug":"pobreza-eran-numeros-que-se-esperaban-no-nos-sorprenden-dijo-alonso","status":"publish","type":"post","link":"https:\/\/oasisfm935.com.ar\/site\/pobreza-eran-numeros-que-se-esperaban-no-nos-sorprenden-dijo-alonso\/","title":{"rendered":"Pobreza: \u201cEran n\u00fameros que se esperaban, no nos sorprenden\u201d, dijo Alonso"},"content":{"rendered":"<p>La ministra de Desarrollo Social de la provincia,\u00a0<strong>Fernanda Alonso<\/strong>, se refiri\u00f3 al \u00edndice de pobreza registrado a nivel nacional, que pas\u00f3 de un 26% a un 32% y destac\u00f3 el esfuerzo econ\u00f3mico del Gobierno provincial ante la falta de un plan de contingencia por parte del Ministerio de Desarrollo Social de la Naci\u00f3n.<\/p>\n<p><strong>\u201cEran n\u00fameros que se esperaban, no nos sorprenden.\u00a0<\/strong>Y\u00a0esto lo venimos sosteniendo en el tiempo, la Provincia no est\u00e1 ajena a la realidad nacional, ahora los n\u00fameros lo certifican\u201d, expres\u00f3.<\/p>\n<p>\u201cLo cierto es que desde el Gobierno provincial hemos hecho un esfuerzo econ\u00f3mico muy importante, redireccionando recursos. Hay decisiones pol\u00edticas que tienden a atenuar el impacto que tienen estas pol\u00edticas nacionales que afectan directamente a la gente y han sido de gran alcance a muchos hogares, por eso tambi\u00e9n ese aumento de 26 a 31 en La Pampa, donde cada vez son m\u00e1s las familias que se acercan a pedir un acompa\u00f1amiento del Estado provincial, y algunos municipios que toman la cuesti\u00f3n social como parte de su agenda\u201d.<\/p>\n<p>Respecto a la ratificaci\u00f3n del rumbo econ\u00f3mico por parte de las autoridades nacionales, la ministra de Desarrollo Social sostuvo:\u00a0<strong>\u201cNo hay un plan de contingencia por parte del Ministerio de Desarrollo Social de la Naci\u00f3n para atender esta crisis que afecta al 32% de los argentinos, nosotros nos sentimos solos en ese sentido<\/strong>. Este dato es el que estamos conociendo porque hay un acompa\u00f1amiento y un Estado provincial presente. Mientras la pol\u00edtica del Gobierno nacional se somete a la l\u00f3gica del mercado y no se interviene, desde el Estado, para minimizar el impacto, en La Pampa se hace lo contrario, se asume la responsabilidad de destinar recursos para generar nuevas l\u00edneas de acci\u00f3n que resultan en el programa Asistencia Social Pampeana\u201d.<\/p>\n<p>Dijo que en la provincial se trabaja en un \u201cacompa\u00f1amiento econ\u00f3mico a las familias\u201d para reducir las consecuencias del impacto de los tarifazos.<\/p>\n<p>&nbsp;<\/p>\n<p><strong>La Pampa cada tres meses actualiza el monto de lo que es seguridad alimentaria,<\/strong>\u00a0el Gobierno de la Provincia atiende la demanda espont\u00e1nea a trav\u00e9s de 12 delegaciones distribuidas en los distintos puntos de la regi\u00f3n pampeana. La Pampa no deja de brindar los programas que tienen m\u00e1s de 20 o 30 a\u00f1os de ejecuci\u00f3n y que son la \u00fanica opci\u00f3n en muchas localidades; y adem\u00e1s incorporan raciones alimentarias\u201d, asegur\u00f3.<\/p>\n<p>\u201cTodas las gestiones presentadas ante el Gobierno nacional han ca\u00eddo en saco roto. Cuando explicamos y fundamentamos a Naci\u00f3n la necesidad de un aumento en los aportes para la Provincia, siempre encontramos una respuesta negativa y nos venimos quedando con el mismo monto desde 2016, como si en este pa\u00eds no hubiera pasado nada\u201d, se quej\u00f3.<\/p>\n<p>La ministra form\u00f3 parte ayer del Consejo Federal de Ni\u00f1ez, Adolescencia y Familia, y uno de los datos arrojados es que, pr\u00e1cticamente, 1 de cada 2 ni\u00f1os menores de 14 a\u00f1os son pobres en Argentina. \u201cNo es solo el dato del INDEC, hay dos informes que fueron anteriores a los datos de INDEC por parte de UNICEF, que es un organismo de trayectoria internacional y en nuestro pa\u00eds se posiciona objetivamente analizando la situaci\u00f3n de la infancia; los datos son para preocuparse. Es lo que a nosotros, como Estado provincial, nos obliga a actuar en consecuencia, al contrario de lo que pasa con Naci\u00f3n. UNICEF est\u00e1 diciendo que 1 de cada 2 chicos est\u00e1 por debajo de la l\u00ednea de pobreza o tiene alg\u00fan grado de vulnerabilidad en el cumplimiento de sus derechos. El informe contiene testimonios muy preocupantes que sensibilizar\u00edan a cualquiera, salvo a las autoridades del Gobierno nacional\u201d.<\/p>\n<p>&nbsp;<\/p>\n<p>&nbsp;<\/p>\n<div class=\"oasis-despues-del-contenido\" id=\"oasis-1486576583\"><img loading=\"lazy\" decoding=\"async\" src=\"https:\/\/oasisfm935.com.ar\/site\/wp-content\/uploads\/2020\/08\/47806202-8741-49f2-a5c9-d2f930e5baa1.jpg\" alt=\"\"  srcset=\"https:\/\/oasisfm935.com.ar\/site\/wp-content\/uploads\/2020\/08\/47806202-8741-49f2-a5c9-d2f930e5baa1.jpg 1080w, https:\/\/oasisfm935.com.ar\/site\/wp-content\/uploads\/2020\/08\/47806202-8741-49f2-a5c9-d2f930e5baa1-300x300.jpg 300w, https:\/\/oasisfm935.com.ar\/site\/wp-content\/uploads\/2020\/08\/47806202-8741-49f2-a5c9-d2f930e5baa1-1024x1024.jpg 1024w, https:\/\/oasisfm935.com.ar\/site\/wp-content\/uploads\/2020\/08\/47806202-8741-49f2-a5c9-d2f930e5baa1-150x150.jpg 150w, https:\/\/oasisfm935.com.ar\/site\/wp-content\/uploads\/2020\/08\/47806202-8741-49f2-a5c9-d2f930e5baa1-768x768.jpg 768w\" sizes=\"(max-width: 1080px) 100vw, 1080px\" class=\"no-lazyload\" width=\"1080\" height=\"1080\"  style=\"display: inline-block;\" \/><\/div>","protected":false},"excerpt":{"rendered":"<p>La ministra de Desarrollo Social de la provincia,\u00a0Fernanda Alonso, se refiri\u00f3 al \u00edndice de pobreza registrado a nivel nacional, que pas\u00f3 de<\/p>\n","protected":false},"author":4,"featured_media":1279,"comment_status":"closed","ping_status":"open","sticky":false,"template":"","format":"standard","meta":{"colormag_page_layout":"default_layout","footnotes":""},"categories":[2],"tags":[],"class_list":["post-1278","post","type-post","status-publish","format-standard","has-post-thumbnail","hentry","category-noticias"],"_links":{"self":[{"href":"https:\/\/oasisfm935.com.ar\/site\/wp-json\/wp\/v2\/posts\/1278","targetHints":{"allow":["GET"]}}],"collection":[{"href":"https:\/\/oasisfm935.com.ar\/site\/wp-json\/wp\/v2\/posts"}],"about":[{"href":"https:\/\/oasisfm935.com.ar\/site\/wp-json\/wp\/v2\/types\/post"}],"author":[{"embeddable":true,"href":"https:\/\/oasisfm935.com.ar\/site\/wp-json\/wp\/v2\/users\/4"}],"replies":[{"embeddable":true,"href":"https:\/\/oasisfm935.com.ar\/site\/wp-json\/wp\/v2\/comments?post=1278"}],"version-history":[{"count":1,"href":"https:\/\/oasisfm935.com.ar\/site\/wp-json\/wp\/v2\/posts\/1278\/revisions"}],"predecessor-version":[{"id":1280,"href":"https:\/\/oasisfm935.com.ar\/site\/wp-json\/wp\/v2\/posts\/1278\/revisions\/1280"}],"wp:featuredmedia":[{"embeddable":true,"href":"https:\/\/oasisfm935.com.ar\/site\/wp-json\/wp\/v2\/media\/1279"}],"wp:attachment":[{"href":"https:\/\/oasisfm935.com.ar\/site\/wp-json\/wp\/v2\/media?parent=1278"}],"wp:term":[{"taxonomy":"category","embeddable":true,"href":"https:\/\/oasisfm935.com.ar\/site\/wp-json\/wp\/v2\/categories?post=1278"},{"taxonomy":"post_tag","embeddable":true,"href":"https:\/\/oasisfm935.com.ar\/site\/wp-json\/wp\/v2\/tags?post=1278"}],"curies":[{"name":"wp","href":"https:\/\/api.w.org\/{rel}","templated":true}]}}