{"id":12859,"date":"2022-10-18T12:10:12","date_gmt":"2022-10-18T15:10:12","guid":{"rendered":"http:\/\/oasisfm935.com\/site\/?p=12859"},"modified":"2022-10-18T12:10:12","modified_gmt":"2022-10-18T15:10:12","slug":"ingeniero-luiggi-el-albergue-municipal-prof-oscar-zanoli-ya-recibio-las-primeras-delegaciones","status":"publish","type":"post","link":"https:\/\/oasisfm935.com.ar\/site\/ingeniero-luiggi-el-albergue-municipal-prof-oscar-zanoli-ya-recibio-las-primeras-delegaciones\/","title":{"rendered":"Ingeniero Luiggi: EL Albergue Municipal Prof. Oscar Zanoli ya recibi\u00f3 las primeras delegaciones"},"content":{"rendered":"<p>&nbsp;<\/p>\n<p>En el nuevo espacio inaugurado, se alojaron adolescentes de Intendente Alvear, Trenel, Embajador Martini, Alta Italia, Rancul y de Ingeniero Luiggi. Pertenecen a la disciplina deportiva de voley, sub 14 mixto. Fueron acompa\u00f1ados por sus profe.<\/p>\n<p><a href=\"http:\/\/oasisfm935.com\/site\/wp-content\/uploads\/2022\/10\/310822678_415043404129852_4303572952500679413_n.jpg\"><img loading=\"lazy\" decoding=\"async\" class=\"alignnone size-full wp-image-12861\" src=\"http:\/\/oasisfm935.com\/site\/wp-content\/uploads\/2022\/10\/310822678_415043404129852_4303572952500679413_n.jpg\" alt=\"\" width=\"1080\" height=\"1080\" srcset=\"https:\/\/oasisfm935.com.ar\/site\/wp-content\/uploads\/2022\/10\/310822678_415043404129852_4303572952500679413_n.jpg 1080w, https:\/\/oasisfm935.com.ar\/site\/wp-content\/uploads\/2022\/10\/310822678_415043404129852_4303572952500679413_n-300x300.jpg 300w, https:\/\/oasisfm935.com.ar\/site\/wp-content\/uploads\/2022\/10\/310822678_415043404129852_4303572952500679413_n-1024x1024.jpg 1024w, https:\/\/oasisfm935.com.ar\/site\/wp-content\/uploads\/2022\/10\/310822678_415043404129852_4303572952500679413_n-150x150.jpg 150w, https:\/\/oasisfm935.com.ar\/site\/wp-content\/uploads\/2022\/10\/310822678_415043404129852_4303572952500679413_n-768x768.jpg 768w\" sizes=\"auto, (max-width: 1080px) 100vw, 1080px\" \/><\/a><\/p>\n<p>La Intendenta Patricia Lav\u00edn di\u00f3 la bienvenida para que en el SUM Municipal se comience con la actividad de cierre de la liga norte\u00f1a de voley en esta categor\u00eda.<\/p>\n<p><a href=\"http:\/\/oasisfm935.com\/site\/wp-content\/uploads\/2022\/10\/311247898_415044614129731_7722801661251274476_n.jpg\"><img loading=\"lazy\" decoding=\"async\" class=\"alignnone size-full wp-image-12862\" src=\"http:\/\/oasisfm935.com\/site\/wp-content\/uploads\/2022\/10\/311247898_415044614129731_7722801661251274476_n.jpg\" alt=\"\" width=\"1080\" height=\"1080\" srcset=\"https:\/\/oasisfm935.com.ar\/site\/wp-content\/uploads\/2022\/10\/311247898_415044614129731_7722801661251274476_n.jpg 1080w, https:\/\/oasisfm935.com.ar\/site\/wp-content\/uploads\/2022\/10\/311247898_415044614129731_7722801661251274476_n-300x300.jpg 300w, https:\/\/oasisfm935.com.ar\/site\/wp-content\/uploads\/2022\/10\/311247898_415044614129731_7722801661251274476_n-1024x1024.jpg 1024w, https:\/\/oasisfm935.com.ar\/site\/wp-content\/uploads\/2022\/10\/311247898_415044614129731_7722801661251274476_n-150x150.jpg 150w, https:\/\/oasisfm935.com.ar\/site\/wp-content\/uploads\/2022\/10\/311247898_415044614129731_7722801661251274476_n-768x768.jpg 768w\" sizes=\"auto, (max-width: 1080px) 100vw, 1080px\" \/><\/a><\/p>\n<div class=\"oasis-despues-del-contenido\" id=\"oasis-1965616384\"><img loading=\"lazy\" decoding=\"async\" src=\"https:\/\/oasisfm935.com.ar\/site\/wp-content\/uploads\/2020\/08\/47806202-8741-49f2-a5c9-d2f930e5baa1.jpg\" alt=\"\"  srcset=\"https:\/\/oasisfm935.com.ar\/site\/wp-content\/uploads\/2020\/08\/47806202-8741-49f2-a5c9-d2f930e5baa1.jpg 1080w, https:\/\/oasisfm935.com.ar\/site\/wp-content\/uploads\/2020\/08\/47806202-8741-49f2-a5c9-d2f930e5baa1-300x300.jpg 300w, https:\/\/oasisfm935.com.ar\/site\/wp-content\/uploads\/2020\/08\/47806202-8741-49f2-a5c9-d2f930e5baa1-1024x1024.jpg 1024w, https:\/\/oasisfm935.com.ar\/site\/wp-content\/uploads\/2020\/08\/47806202-8741-49f2-a5c9-d2f930e5baa1-150x150.jpg 150w, https:\/\/oasisfm935.com.ar\/site\/wp-content\/uploads\/2020\/08\/47806202-8741-49f2-a5c9-d2f930e5baa1-768x768.jpg 768w\" sizes=\"(max-width: 1080px) 100vw, 1080px\" class=\"no-lazyload\" width=\"1080\" height=\"1080\"  style=\"display: inline-block;\" \/><\/div>","protected":false},"excerpt":{"rendered":"<p>&nbsp; En el nuevo espacio inaugurado, se alojaron adolescentes de Intendente Alvear, Trenel, Embajador Martini, Alta Italia, Rancul y de Ingeniero Luiggi.<\/p>\n","protected":false},"author":4,"featured_media":12860,"comment_status":"closed","ping_status":"open","sticky":false,"template":"","format":"standard","meta":{"colormag_page_layout":"default_layout","footnotes":""},"categories":[2],"tags":[],"class_list":["post-12859","post","type-post","status-publish","format-standard","has-post-thumbnail","hentry","category-noticias"],"_links":{"self":[{"href":"https:\/\/oasisfm935.com.ar\/site\/wp-json\/wp\/v2\/posts\/12859","targetHints":{"allow":["GET"]}}],"collection":[{"href":"https:\/\/oasisfm935.com.ar\/site\/wp-json\/wp\/v2\/posts"}],"about":[{"href":"https:\/\/oasisfm935.com.ar\/site\/wp-json\/wp\/v2\/types\/post"}],"author":[{"embeddable":true,"href":"https:\/\/oasisfm935.com.ar\/site\/wp-json\/wp\/v2\/users\/4"}],"replies":[{"embeddable":true,"href":"https:\/\/oasisfm935.com.ar\/site\/wp-json\/wp\/v2\/comments?post=12859"}],"version-history":[{"count":1,"href":"https:\/\/oasisfm935.com.ar\/site\/wp-json\/wp\/v2\/posts\/12859\/revisions"}],"predecessor-version":[{"id":12863,"href":"https:\/\/oasisfm935.com.ar\/site\/wp-json\/wp\/v2\/posts\/12859\/revisions\/12863"}],"wp:featuredmedia":[{"embeddable":true,"href":"https:\/\/oasisfm935.com.ar\/site\/wp-json\/wp\/v2\/media\/12860"}],"wp:attachment":[{"href":"https:\/\/oasisfm935.com.ar\/site\/wp-json\/wp\/v2\/media?parent=12859"}],"wp:term":[{"taxonomy":"category","embeddable":true,"href":"https:\/\/oasisfm935.com.ar\/site\/wp-json\/wp\/v2\/categories?post=12859"},{"taxonomy":"post_tag","embeddable":true,"href":"https:\/\/oasisfm935.com.ar\/site\/wp-json\/wp\/v2\/tags?post=12859"}],"curies":[{"name":"wp","href":"https:\/\/api.w.org\/{rel}","templated":true}]}}