{"id":12945,"date":"2022-11-01T12:49:06","date_gmt":"2022-11-01T15:49:06","guid":{"rendered":"http:\/\/oasisfm935.com\/site\/?p=12945"},"modified":"2022-11-01T12:49:06","modified_gmt":"2022-11-01T15:49:06","slug":"ingeniero-luiggi-el-director-de-transversalidad-de-educacion-inclusiva-se-reunio-con-instituciones-educativas","status":"publish","type":"post","link":"https:\/\/oasisfm935.com.ar\/site\/ingeniero-luiggi-el-director-de-transversalidad-de-educacion-inclusiva-se-reunio-con-instituciones-educativas\/","title":{"rendered":"Ingeniero Luiggi: El Director de Transversalidad de Educaci\u00f3n Inclusiva se reuni\u00f3 con instituciones educativas"},"content":{"rendered":"<p>El d\u00eda lunes 31 de octubre con la presencia del Director Gral. de Transversalidad de Educaci\u00f3n Inclusiva Prof. Ladio Scheer Becher y representates de instituciones educativas, se comenz\u00f3 a planificar y organizar el \u201cEncuentro de Pr\u00e1cticas Inclusivas\u201d a desarrollarse el pr\u00f3ximo 12 de Noviembre en nuestra localidad.<\/p>\n<p><a href=\"http:\/\/oasisfm935.com\/site\/wp-content\/uploads\/2022\/11\/313419681_427133952920797_8191141105746302320_n.jpg\"><img loading=\"lazy\" decoding=\"async\" class=\"alignnone size-full wp-image-12946\" src=\"http:\/\/oasisfm935.com\/site\/wp-content\/uploads\/2022\/11\/313419681_427133952920797_8191141105746302320_n.jpg\" alt=\"\" width=\"940\" height=\"788\" srcset=\"https:\/\/oasisfm935.com.ar\/site\/wp-content\/uploads\/2022\/11\/313419681_427133952920797_8191141105746302320_n.jpg 940w, https:\/\/oasisfm935.com.ar\/site\/wp-content\/uploads\/2022\/11\/313419681_427133952920797_8191141105746302320_n-300x251.jpg 300w, https:\/\/oasisfm935.com.ar\/site\/wp-content\/uploads\/2022\/11\/313419681_427133952920797_8191141105746302320_n-768x644.jpg 768w\" sizes=\"auto, (max-width: 940px) 100vw, 940px\" \/><\/a><\/p>\n<p>Desde el Gobierno local se continuamos sumando estrategias y generando formaci\u00f3n acerca del paradigma de la Educaci\u00f3n Inclusiva.<\/p>\n<div class=\"oasis-despues-del-contenido\" id=\"oasis-3501465918\"><img loading=\"lazy\" decoding=\"async\" src=\"https:\/\/oasisfm935.com.ar\/site\/wp-content\/uploads\/2020\/08\/47806202-8741-49f2-a5c9-d2f930e5baa1.jpg\" alt=\"\"  srcset=\"https:\/\/oasisfm935.com.ar\/site\/wp-content\/uploads\/2020\/08\/47806202-8741-49f2-a5c9-d2f930e5baa1.jpg 1080w, https:\/\/oasisfm935.com.ar\/site\/wp-content\/uploads\/2020\/08\/47806202-8741-49f2-a5c9-d2f930e5baa1-300x300.jpg 300w, https:\/\/oasisfm935.com.ar\/site\/wp-content\/uploads\/2020\/08\/47806202-8741-49f2-a5c9-d2f930e5baa1-1024x1024.jpg 1024w, https:\/\/oasisfm935.com.ar\/site\/wp-content\/uploads\/2020\/08\/47806202-8741-49f2-a5c9-d2f930e5baa1-150x150.jpg 150w, https:\/\/oasisfm935.com.ar\/site\/wp-content\/uploads\/2020\/08\/47806202-8741-49f2-a5c9-d2f930e5baa1-768x768.jpg 768w\" sizes=\"(max-width: 1080px) 100vw, 1080px\" class=\"no-lazyload\" width=\"1080\" height=\"1080\"  style=\"display: inline-block;\" \/><\/div>","protected":false},"excerpt":{"rendered":"<p>El d\u00eda lunes 31 de octubre con la presencia del Director Gral. de Transversalidad de Educaci\u00f3n Inclusiva Prof. Ladio Scheer Becher y<\/p>\n","protected":false},"author":4,"featured_media":12947,"comment_status":"closed","ping_status":"open","sticky":false,"template":"","format":"standard","meta":{"colormag_page_layout":"default_layout","footnotes":""},"categories":[2],"tags":[],"class_list":["post-12945","post","type-post","status-publish","format-standard","has-post-thumbnail","hentry","category-noticias"],"_links":{"self":[{"href":"https:\/\/oasisfm935.com.ar\/site\/wp-json\/wp\/v2\/posts\/12945","targetHints":{"allow":["GET"]}}],"collection":[{"href":"https:\/\/oasisfm935.com.ar\/site\/wp-json\/wp\/v2\/posts"}],"about":[{"href":"https:\/\/oasisfm935.com.ar\/site\/wp-json\/wp\/v2\/types\/post"}],"author":[{"embeddable":true,"href":"https:\/\/oasisfm935.com.ar\/site\/wp-json\/wp\/v2\/users\/4"}],"replies":[{"embeddable":true,"href":"https:\/\/oasisfm935.com.ar\/site\/wp-json\/wp\/v2\/comments?post=12945"}],"version-history":[{"count":1,"href":"https:\/\/oasisfm935.com.ar\/site\/wp-json\/wp\/v2\/posts\/12945\/revisions"}],"predecessor-version":[{"id":12948,"href":"https:\/\/oasisfm935.com.ar\/site\/wp-json\/wp\/v2\/posts\/12945\/revisions\/12948"}],"wp:featuredmedia":[{"embeddable":true,"href":"https:\/\/oasisfm935.com.ar\/site\/wp-json\/wp\/v2\/media\/12947"}],"wp:attachment":[{"href":"https:\/\/oasisfm935.com.ar\/site\/wp-json\/wp\/v2\/media?parent=12945"}],"wp:term":[{"taxonomy":"category","embeddable":true,"href":"https:\/\/oasisfm935.com.ar\/site\/wp-json\/wp\/v2\/categories?post=12945"},{"taxonomy":"post_tag","embeddable":true,"href":"https:\/\/oasisfm935.com.ar\/site\/wp-json\/wp\/v2\/tags?post=12945"}],"curies":[{"name":"wp","href":"https:\/\/api.w.org\/{rel}","templated":true}]}}