{"id":12949,"date":"2022-11-01T13:44:19","date_gmt":"2022-11-01T16:44:19","guid":{"rendered":"http:\/\/oasisfm935.com\/site\/?p=12949"},"modified":"2022-11-01T13:44:19","modified_gmt":"2022-11-01T16:44:19","slug":"la-pampa-desde-hoy-las-cuotas-de-casas-del-ipav-sera-de-3400","status":"publish","type":"post","link":"https:\/\/oasisfm935.com.ar\/site\/la-pampa-desde-hoy-las-cuotas-de-casas-del-ipav-sera-de-3400\/","title":{"rendered":"La Pampa: Desde hoy las cuotas de casas del IPAV ser\u00e1 de $3400."},"content":{"rendered":"<p>As\u00ed lo confirm\u00f3 Ramiro Rodr\u00edguez, gerente contable del IPAV, en di\u00e1logo con InfoPico Radio 99.9. La cuota m\u00ednima pasa de $2.800 a $3.400, mientras que la cuota m\u00e1xima pasa a ser $6.500, incluido el importe que se abona como seguro de incendio.<\/p>\n<figure class=\"wp-block-embed is-type-rich is-provider-spotify wp-block-embed-spotify wp-embed-aspect-21-9 wp-has-aspect-ratio\">\n<div class=\"wp-block-embed__wrapper\"><\/div>\n<\/figure>\n<p>El Instituto Provincial Aut\u00e1rquico de la Vivienda (IPAV) defini\u00f3 un aumento en las cuotas de viviendas sociales, con un incremento del 22%. El aumento rige para las cuotas que vencen en noviembre 2022. \u201cEl instituto administra el fondo nacional de la vivienda, que se forma con aportes que la coparticipaci\u00f3n nacional de impuestos va drenando hacia la provincia y, por otro lado, con \u00e9l recupero de las cuotas de las viviendas sociales que ya se han hecho. Hoy en d\u00eda el instituto tiene unas 28 mil viviendas que est\u00e1n en cobro\u201d.<\/p>\n<p>Seg\u00fan inform\u00f3 Rodr\u00edguez, entre el 60% y el 70% de las familias cumplen con el pago de la cuota. De las 28 mil cuotas que se emiten mensualmente, se cobran unas 18 mil en promedio.<\/p>\n<div class=\"google-auto-placed ap_container\"><ins class=\"adsbygoogle adsbygoogle-noablate\" data-ad-format=\"auto\" data-ad-client=\"ca-pub-2309001140934460\" data-adsbygoogle-status=\"done\" data-ad-status=\"filled\"><\/p>\n<div id=\"aswift_4_host\" title=\"Advertisement\" aria-label=\"Advertisement\"><\/div>\n<p><\/ins><\/div>\n<p>Detall\u00f3 que el ajuste de la cuota \u201cse realiza bas\u00e1ndonos en el costo de variaci\u00f3n salarial, que es una estad\u00edstica que hace el INDEC mes a mes, con eso lo que se trata es que el mismo porcentaje que la familia asignaba al pago de su vivienda se mantenga y no con sistemas como el UVA u otros m\u00e1s adaptados a la inflaci\u00f3n.\u201d.<\/p>\n<div class=\"oasis-despues-del-contenido\" id=\"oasis-625760930\"><img loading=\"lazy\" decoding=\"async\" src=\"https:\/\/oasisfm935.com.ar\/site\/wp-content\/uploads\/2020\/08\/47806202-8741-49f2-a5c9-d2f930e5baa1.jpg\" alt=\"\"  srcset=\"https:\/\/oasisfm935.com.ar\/site\/wp-content\/uploads\/2020\/08\/47806202-8741-49f2-a5c9-d2f930e5baa1.jpg 1080w, https:\/\/oasisfm935.com.ar\/site\/wp-content\/uploads\/2020\/08\/47806202-8741-49f2-a5c9-d2f930e5baa1-300x300.jpg 300w, https:\/\/oasisfm935.com.ar\/site\/wp-content\/uploads\/2020\/08\/47806202-8741-49f2-a5c9-d2f930e5baa1-1024x1024.jpg 1024w, https:\/\/oasisfm935.com.ar\/site\/wp-content\/uploads\/2020\/08\/47806202-8741-49f2-a5c9-d2f930e5baa1-150x150.jpg 150w, https:\/\/oasisfm935.com.ar\/site\/wp-content\/uploads\/2020\/08\/47806202-8741-49f2-a5c9-d2f930e5baa1-768x768.jpg 768w\" sizes=\"(max-width: 1080px) 100vw, 1080px\" class=\"no-lazyload\" width=\"1080\" height=\"1080\"  style=\"display: inline-block;\" \/><\/div>","protected":false},"excerpt":{"rendered":"<p>As\u00ed lo confirm\u00f3 Ramiro Rodr\u00edguez, gerente contable del IPAV, en di\u00e1logo con InfoPico Radio 99.9. La cuota m\u00ednima pasa de $2.800 a<\/p>\n","protected":false},"author":4,"featured_media":12950,"comment_status":"closed","ping_status":"open","sticky":false,"template":"","format":"standard","meta":{"colormag_page_layout":"default_layout","footnotes":""},"categories":[2],"tags":[],"class_list":["post-12949","post","type-post","status-publish","format-standard","has-post-thumbnail","hentry","category-noticias"],"_links":{"self":[{"href":"https:\/\/oasisfm935.com.ar\/site\/wp-json\/wp\/v2\/posts\/12949","targetHints":{"allow":["GET"]}}],"collection":[{"href":"https:\/\/oasisfm935.com.ar\/site\/wp-json\/wp\/v2\/posts"}],"about":[{"href":"https:\/\/oasisfm935.com.ar\/site\/wp-json\/wp\/v2\/types\/post"}],"author":[{"embeddable":true,"href":"https:\/\/oasisfm935.com.ar\/site\/wp-json\/wp\/v2\/users\/4"}],"replies":[{"embeddable":true,"href":"https:\/\/oasisfm935.com.ar\/site\/wp-json\/wp\/v2\/comments?post=12949"}],"version-history":[{"count":1,"href":"https:\/\/oasisfm935.com.ar\/site\/wp-json\/wp\/v2\/posts\/12949\/revisions"}],"predecessor-version":[{"id":12951,"href":"https:\/\/oasisfm935.com.ar\/site\/wp-json\/wp\/v2\/posts\/12949\/revisions\/12951"}],"wp:featuredmedia":[{"embeddable":true,"href":"https:\/\/oasisfm935.com.ar\/site\/wp-json\/wp\/v2\/media\/12950"}],"wp:attachment":[{"href":"https:\/\/oasisfm935.com.ar\/site\/wp-json\/wp\/v2\/media?parent=12949"}],"wp:term":[{"taxonomy":"category","embeddable":true,"href":"https:\/\/oasisfm935.com.ar\/site\/wp-json\/wp\/v2\/categories?post=12949"},{"taxonomy":"post_tag","embeddable":true,"href":"https:\/\/oasisfm935.com.ar\/site\/wp-json\/wp\/v2\/tags?post=12949"}],"curies":[{"name":"wp","href":"https:\/\/api.w.org\/{rel}","templated":true}]}}