{"id":12956,"date":"2022-11-07T15:53:20","date_gmt":"2022-11-07T18:53:20","guid":{"rendered":"http:\/\/oasisfm935.com\/site\/?p=12956"},"modified":"2022-11-07T15:53:20","modified_gmt":"2022-11-07T18:53:20","slug":"la-pampa-la-television-publica-pampeana-estara-en-directv","status":"publish","type":"post","link":"https:\/\/oasisfm935.com.ar\/site\/la-pampa-la-television-publica-pampeana-estara-en-directv\/","title":{"rendered":"La Pampa: La Televisi\u00f3n P\u00fablica Pampeana estar\u00e1 en DIRECTV"},"content":{"rendered":"<p>El servicio de distribuci\u00f3n de canales DIRECTV incluir\u00e1 la se\u00f1al del canal p\u00fablico pampeano en su grilla, y las y los abonados podr\u00e1n acceder a la variada propuesta de contenidos producidos \u00edntegramente en la Provincia, mediante un trabajo conjunto con productoras privadas y con recursos de la propia emisora estatal. El Gobierno pampeano logra finalmente la aceptaci\u00f3n de la propuesta del postergado reclamo, y la TVPP se convierte en el primer canal p\u00fablico del pa\u00eds en formar parte de la grilla de programaci\u00f3n de este proveedor de servicio.<\/p>\n<p>&nbsp;<\/p>\n<p>En noviembre, y cuando la TVPP cumple su aniversario n\u00famero 50, se realizan las pruebas t\u00e9cnicas y se prev\u00e9 en este mismo mes ejecutar tras la aceptaci\u00f3n de la carta de intenci\u00f3n que, en representaci\u00f3n del Estado pampeano a trav\u00e9s de la Secretar\u00eda General de la Gobernaci\u00f3n, fue suscripta por la directora General de Comunicaci\u00f3n Social, Miriam \u00c1lvarez, y el director del Canal, Mario Ziaurriz. La conformidad y aceptaci\u00f3n, por DIRECTV Argentina S.A, y en car\u00e1cter de apoderados, lo hicieron Juan Gonz\u00e1lez del Solar y Luciano Bellaria.<\/p>\n<p>&nbsp;<\/p>\n<div class=\"container-spot\" data-tipo=\"tipo_mobile \" data-pos=\"AMP_P1_cuerpo\"><\/div>\n<p>\u00c1lvarez y Ziaurriz se reunieron esta ma\u00f1ana con el gobernador Sergio Ziliotto y el subsecretario de Medios, Jos\u00e9 P\u00e9rez; en el encuentro se analizaron aspectos vinculados al nuevo v\u00ednculo y a la importancia del sostenimiento y fortalecimiento de las pol\u00edticas p\u00fablicas. La se\u00f1al del Canal de las y los pampeanos, se distribuye de manera gratuita por aire y por la TDA -Televisi\u00f3n Digital Abierta-, y ahora llegar\u00e1 a las y los suscriptores de DIRECTV, y con ello a las zonas alejadas o rurales de la Provincia. La pampeanidad, aspecto que distingue y revaloriza la identidad en los contenidos de la TVPP y que fuera un eje de campa\u00f1a del gobernador Sergio Ziliotto, se expande y suma a los servicios de televisi\u00f3n por cable y canales cooperativos, la participaci\u00f3n tambi\u00e9n en el canal federal AUNAR.<\/p>\n<div class=\"oasis-despues-del-contenido\" id=\"oasis-1242098296\"><img loading=\"lazy\" decoding=\"async\" src=\"https:\/\/oasisfm935.com.ar\/site\/wp-content\/uploads\/2020\/08\/47806202-8741-49f2-a5c9-d2f930e5baa1.jpg\" alt=\"\"  srcset=\"https:\/\/oasisfm935.com.ar\/site\/wp-content\/uploads\/2020\/08\/47806202-8741-49f2-a5c9-d2f930e5baa1.jpg 1080w, https:\/\/oasisfm935.com.ar\/site\/wp-content\/uploads\/2020\/08\/47806202-8741-49f2-a5c9-d2f930e5baa1-300x300.jpg 300w, https:\/\/oasisfm935.com.ar\/site\/wp-content\/uploads\/2020\/08\/47806202-8741-49f2-a5c9-d2f930e5baa1-1024x1024.jpg 1024w, https:\/\/oasisfm935.com.ar\/site\/wp-content\/uploads\/2020\/08\/47806202-8741-49f2-a5c9-d2f930e5baa1-150x150.jpg 150w, https:\/\/oasisfm935.com.ar\/site\/wp-content\/uploads\/2020\/08\/47806202-8741-49f2-a5c9-d2f930e5baa1-768x768.jpg 768w\" sizes=\"(max-width: 1080px) 100vw, 1080px\" class=\"no-lazyload\" width=\"1080\" height=\"1080\"  style=\"display: inline-block;\" \/><\/div>","protected":false},"excerpt":{"rendered":"<p>El servicio de distribuci\u00f3n de canales DIRECTV incluir\u00e1 la se\u00f1al del canal p\u00fablico pampeano en su grilla, y las y los abonados<\/p>\n","protected":false},"author":4,"featured_media":12957,"comment_status":"closed","ping_status":"open","sticky":false,"template":"","format":"standard","meta":{"colormag_page_layout":"default_layout","footnotes":""},"categories":[1],"tags":[],"class_list":["post-12956","post","type-post","status-publish","format-standard","has-post-thumbnail","hentry","category-sin-categoria"],"_links":{"self":[{"href":"https:\/\/oasisfm935.com.ar\/site\/wp-json\/wp\/v2\/posts\/12956","targetHints":{"allow":["GET"]}}],"collection":[{"href":"https:\/\/oasisfm935.com.ar\/site\/wp-json\/wp\/v2\/posts"}],"about":[{"href":"https:\/\/oasisfm935.com.ar\/site\/wp-json\/wp\/v2\/types\/post"}],"author":[{"embeddable":true,"href":"https:\/\/oasisfm935.com.ar\/site\/wp-json\/wp\/v2\/users\/4"}],"replies":[{"embeddable":true,"href":"https:\/\/oasisfm935.com.ar\/site\/wp-json\/wp\/v2\/comments?post=12956"}],"version-history":[{"count":1,"href":"https:\/\/oasisfm935.com.ar\/site\/wp-json\/wp\/v2\/posts\/12956\/revisions"}],"predecessor-version":[{"id":12958,"href":"https:\/\/oasisfm935.com.ar\/site\/wp-json\/wp\/v2\/posts\/12956\/revisions\/12958"}],"wp:featuredmedia":[{"embeddable":true,"href":"https:\/\/oasisfm935.com.ar\/site\/wp-json\/wp\/v2\/media\/12957"}],"wp:attachment":[{"href":"https:\/\/oasisfm935.com.ar\/site\/wp-json\/wp\/v2\/media?parent=12956"}],"wp:term":[{"taxonomy":"category","embeddable":true,"href":"https:\/\/oasisfm935.com.ar\/site\/wp-json\/wp\/v2\/categories?post=12956"},{"taxonomy":"post_tag","embeddable":true,"href":"https:\/\/oasisfm935.com.ar\/site\/wp-json\/wp\/v2\/tags?post=12956"}],"curies":[{"name":"wp","href":"https:\/\/api.w.org\/{rel}","templated":true}]}}