{"id":13216,"date":"2023-01-14T11:14:31","date_gmt":"2023-01-14T14:14:31","guid":{"rendered":"http:\/\/oasisfm935.com\/site\/?p=13216"},"modified":"2023-01-14T12:24:36","modified_gmt":"2023-01-14T15:24:36","slug":"daniel-gil-estuvo-presente-en-la-recorrida-que-realizo-horacio-larreta-en-la-pampa","status":"publish","type":"post","link":"https:\/\/oasisfm935.com.ar\/site\/daniel-gil-estuvo-presente-en-la-recorrida-que-realizo-horacio-larreta-en-la-pampa\/","title":{"rendered":"Daniel Gil estuvo presente en la recorrida que realiz\u00f3 Horacio Larreta en la Pampa."},"content":{"rendered":"<p>El Pre candidato a Intendente Daniel Gil de Juntos por Luiggi tuvimos el agrado de compartir una reuni\u00f3n entre el candidato a Presidente Horacio Horacio Rodr\u00edguez Larreta, el candidato a Gobernador Martin Maquieyra en la localidad de Santa Rosa con gente de all\u00ed y alrededores.<\/p>\n<p><a href=\"http:\/\/oasisfm935.com\/site\/wp-content\/uploads\/2023\/01\/FB_IMG_1673704687613.jpg\"><img loading=\"lazy\" decoding=\"async\" class=\"alignnone size-full wp-image-13217\" src=\"http:\/\/oasisfm935.com\/site\/wp-content\/uploads\/2023\/01\/FB_IMG_1673704687613.jpg\" alt=\"\" width=\"720\" height=\"540\" srcset=\"https:\/\/oasisfm935.com.ar\/site\/wp-content\/uploads\/2023\/01\/FB_IMG_1673704687613.jpg 720w, https:\/\/oasisfm935.com.ar\/site\/wp-content\/uploads\/2023\/01\/FB_IMG_1673704687613-300x225.jpg 300w\" sizes=\"auto, (max-width: 720px) 100vw, 720px\" \/><\/a><\/p>\n<p>Donde se debatieron diferentes opiniones e ideas. Dispuestos a cambios para mejorar cada punto fundamental y asi ofrecerles la mejor predisposici\u00f3n y trabajo como lo venimos haciendo siempre.<\/p>\n<p><a href=\"http:\/\/oasisfm935.com\/site\/wp-content\/uploads\/2023\/01\/FB_IMG_1673704691953.jpg\"><img loading=\"lazy\" decoding=\"async\" class=\"alignnone size-full wp-image-13218\" src=\"http:\/\/oasisfm935.com\/site\/wp-content\/uploads\/2023\/01\/FB_IMG_1673704691953.jpg\" alt=\"\" width=\"720\" height=\"325\" srcset=\"https:\/\/oasisfm935.com.ar\/site\/wp-content\/uploads\/2023\/01\/FB_IMG_1673704691953.jpg 720w, https:\/\/oasisfm935.com.ar\/site\/wp-content\/uploads\/2023\/01\/FB_IMG_1673704691953-300x135.jpg 300w\" sizes=\"auto, (max-width: 720px) 100vw, 720px\" \/><\/a><\/p>\n<div class=\"oasis-despues-del-contenido\" id=\"oasis-2076290450\"><img loading=\"lazy\" decoding=\"async\" src=\"https:\/\/oasisfm935.com.ar\/site\/wp-content\/uploads\/2020\/08\/47806202-8741-49f2-a5c9-d2f930e5baa1.jpg\" alt=\"\"  srcset=\"https:\/\/oasisfm935.com.ar\/site\/wp-content\/uploads\/2020\/08\/47806202-8741-49f2-a5c9-d2f930e5baa1.jpg 1080w, https:\/\/oasisfm935.com.ar\/site\/wp-content\/uploads\/2020\/08\/47806202-8741-49f2-a5c9-d2f930e5baa1-300x300.jpg 300w, https:\/\/oasisfm935.com.ar\/site\/wp-content\/uploads\/2020\/08\/47806202-8741-49f2-a5c9-d2f930e5baa1-1024x1024.jpg 1024w, https:\/\/oasisfm935.com.ar\/site\/wp-content\/uploads\/2020\/08\/47806202-8741-49f2-a5c9-d2f930e5baa1-150x150.jpg 150w, https:\/\/oasisfm935.com.ar\/site\/wp-content\/uploads\/2020\/08\/47806202-8741-49f2-a5c9-d2f930e5baa1-768x768.jpg 768w\" sizes=\"(max-width: 1080px) 100vw, 1080px\" class=\"no-lazyload\" width=\"1080\" height=\"1080\"  style=\"display: inline-block;\" \/><\/div>","protected":false},"excerpt":{"rendered":"<p>El Pre candidato a Intendente Daniel Gil de Juntos por Luiggi tuvimos el agrado de compartir una reuni\u00f3n entre el candidato a<\/p>\n","protected":false},"author":4,"featured_media":13221,"comment_status":"closed","ping_status":"open","sticky":false,"template":"","format":"standard","meta":{"colormag_page_layout":"default_layout","footnotes":""},"categories":[2],"tags":[],"class_list":["post-13216","post","type-post","status-publish","format-standard","has-post-thumbnail","hentry","category-noticias"],"_links":{"self":[{"href":"https:\/\/oasisfm935.com.ar\/site\/wp-json\/wp\/v2\/posts\/13216","targetHints":{"allow":["GET"]}}],"collection":[{"href":"https:\/\/oasisfm935.com.ar\/site\/wp-json\/wp\/v2\/posts"}],"about":[{"href":"https:\/\/oasisfm935.com.ar\/site\/wp-json\/wp\/v2\/types\/post"}],"author":[{"embeddable":true,"href":"https:\/\/oasisfm935.com.ar\/site\/wp-json\/wp\/v2\/users\/4"}],"replies":[{"embeddable":true,"href":"https:\/\/oasisfm935.com.ar\/site\/wp-json\/wp\/v2\/comments?post=13216"}],"version-history":[{"count":2,"href":"https:\/\/oasisfm935.com.ar\/site\/wp-json\/wp\/v2\/posts\/13216\/revisions"}],"predecessor-version":[{"id":13222,"href":"https:\/\/oasisfm935.com.ar\/site\/wp-json\/wp\/v2\/posts\/13216\/revisions\/13222"}],"wp:featuredmedia":[{"embeddable":true,"href":"https:\/\/oasisfm935.com.ar\/site\/wp-json\/wp\/v2\/media\/13221"}],"wp:attachment":[{"href":"https:\/\/oasisfm935.com.ar\/site\/wp-json\/wp\/v2\/media?parent=13216"}],"wp:term":[{"taxonomy":"category","embeddable":true,"href":"https:\/\/oasisfm935.com.ar\/site\/wp-json\/wp\/v2\/categories?post=13216"},{"taxonomy":"post_tag","embeddable":true,"href":"https:\/\/oasisfm935.com.ar\/site\/wp-json\/wp\/v2\/tags?post=13216"}],"curies":[{"name":"wp","href":"https:\/\/api.w.org\/{rel}","templated":true}]}}