{"id":1326,"date":"2019-04-02T20:33:37","date_gmt":"2019-04-02T23:33:37","guid":{"rendered":"http:\/\/oasisfm935.com\/site\/?p=1326"},"modified":"2019-04-02T20:33:37","modified_gmt":"2019-04-02T23:33:37","slug":"ingeniero-luiggi-rindieron-homenaje-en-un-nuevo-aniversario-de-la-gesta-de-malvinas","status":"publish","type":"post","link":"https:\/\/oasisfm935.com.ar\/site\/ingeniero-luiggi-rindieron-homenaje-en-un-nuevo-aniversario-de-la-gesta-de-malvinas\/","title":{"rendered":"INGENIERO LUIGGI: RINDIERON HOMENAJE EN UN NUEVO ANIVERSARIO DE LA GESTA DE MALVINAS."},"content":{"rendered":"<p>En la ma\u00f1ana de este 2 de Abril y con la presencia de autoridades municipales y Provinciales , banderas de ceremonias de las diferentes instituciones educativas y representantes de la Asociaci\u00f3n de Veteranos de Guera de Malvinas Pampeanos no reconocidos , p\u00fablico en general se llev\u00f3 adelante el acto en conmemoraci\u00f3n por la Gesta de Malvinas.<\/p>\n<p><a href=\"http:\/\/oasisfm935.com\/site\/wp-content\/uploads\/2019\/04\/IMG_20190402_091953.jpg\"><img loading=\"lazy\" decoding=\"async\" class=\"alignnone size-full wp-image-1328\" src=\"http:\/\/oasisfm935.com\/site\/wp-content\/uploads\/2019\/04\/IMG_20190402_091953.jpg\" alt=\"\" width=\"4096\" height=\"2048\" srcset=\"https:\/\/oasisfm935.com.ar\/site\/wp-content\/uploads\/2019\/04\/IMG_20190402_091953.jpg 4096w, https:\/\/oasisfm935.com.ar\/site\/wp-content\/uploads\/2019\/04\/IMG_20190402_091953-300x150.jpg 300w, https:\/\/oasisfm935.com.ar\/site\/wp-content\/uploads\/2019\/04\/IMG_20190402_091953-768x384.jpg 768w, https:\/\/oasisfm935.com.ar\/site\/wp-content\/uploads\/2019\/04\/IMG_20190402_091953-1024x512.jpg 1024w\" sizes=\"auto, (max-width: 4096px) 100vw, 4096px\" \/><\/a><\/p>\n<p>Con un breve y emotivo acto se record\u00f3 a los Heroes de Malvinas.<\/p>\n<p><a href=\"http:\/\/oasisfm935.com\/site\/wp-content\/uploads\/2019\/04\/IMG_20190402_093222.jpg\"><img loading=\"lazy\" decoding=\"async\" class=\"alignnone size-full wp-image-1329\" src=\"http:\/\/oasisfm935.com\/site\/wp-content\/uploads\/2019\/04\/IMG_20190402_093222.jpg\" alt=\"\" width=\"4096\" height=\"2048\" srcset=\"https:\/\/oasisfm935.com.ar\/site\/wp-content\/uploads\/2019\/04\/IMG_20190402_093222.jpg 4096w, https:\/\/oasisfm935.com.ar\/site\/wp-content\/uploads\/2019\/04\/IMG_20190402_093222-300x150.jpg 300w, https:\/\/oasisfm935.com.ar\/site\/wp-content\/uploads\/2019\/04\/IMG_20190402_093222-768x384.jpg 768w, https:\/\/oasisfm935.com.ar\/site\/wp-content\/uploads\/2019\/04\/IMG_20190402_093222-1024x512.jpg 1024w\" sizes=\"auto, (max-width: 4096px) 100vw, 4096px\" \/><\/a> <a href=\"http:\/\/oasisfm935.com\/site\/wp-content\/uploads\/2019\/04\/IMG_20190402_093604.jpg\"><img loading=\"lazy\" decoding=\"async\" class=\"alignnone size-full wp-image-1330\" src=\"http:\/\/oasisfm935.com\/site\/wp-content\/uploads\/2019\/04\/IMG_20190402_093604.jpg\" alt=\"\" width=\"4096\" height=\"2048\" srcset=\"https:\/\/oasisfm935.com.ar\/site\/wp-content\/uploads\/2019\/04\/IMG_20190402_093604.jpg 4096w, https:\/\/oasisfm935.com.ar\/site\/wp-content\/uploads\/2019\/04\/IMG_20190402_093604-300x150.jpg 300w, https:\/\/oasisfm935.com.ar\/site\/wp-content\/uploads\/2019\/04\/IMG_20190402_093604-768x384.jpg 768w, https:\/\/oasisfm935.com.ar\/site\/wp-content\/uploads\/2019\/04\/IMG_20190402_093604-1024x512.jpg 1024w\" sizes=\"auto, (max-width: 4096px) 100vw, 4096px\" \/><\/a><\/p>\n<p>El Intendente Municipal Oscar Zanoli acompa\u00f1ado por los veteranos de guerra de Malvinas no reconocidos fueron los responsables de colocar una ofrenda floral en el monumento a los Ca\u00eddos en la Guerra de Malvinas.<\/p>\n<p><a href=\"http:\/\/oasisfm935.com\/site\/wp-content\/uploads\/2019\/04\/IMG_20190402_093910.jpg\"><img loading=\"lazy\" decoding=\"async\" class=\"alignnone size-full wp-image-1331\" src=\"http:\/\/oasisfm935.com\/site\/wp-content\/uploads\/2019\/04\/IMG_20190402_093910.jpg\" alt=\"\" width=\"4096\" height=\"2048\" srcset=\"https:\/\/oasisfm935.com.ar\/site\/wp-content\/uploads\/2019\/04\/IMG_20190402_093910.jpg 4096w, https:\/\/oasisfm935.com.ar\/site\/wp-content\/uploads\/2019\/04\/IMG_20190402_093910-300x150.jpg 300w, https:\/\/oasisfm935.com.ar\/site\/wp-content\/uploads\/2019\/04\/IMG_20190402_093910-768x384.jpg 768w, https:\/\/oasisfm935.com.ar\/site\/wp-content\/uploads\/2019\/04\/IMG_20190402_093910-1024x512.jpg 1024w\" sizes=\"auto, (max-width: 4096px) 100vw, 4096px\" \/><\/a><\/p>\n<p>&nbsp;<\/p>\n<p><a href=\"http:\/\/oasisfm935.com\/site\/wp-content\/uploads\/2019\/04\/56306597_785587325141657_5785561341326524416_n.jpg\"><img loading=\"lazy\" decoding=\"async\" class=\"alignnone size-full wp-image-1332\" src=\"http:\/\/oasisfm935.com\/site\/wp-content\/uploads\/2019\/04\/56306597_785587325141657_5785561341326524416_n.jpg\" alt=\"\" width=\"1024\" height=\"512\" srcset=\"https:\/\/oasisfm935.com.ar\/site\/wp-content\/uploads\/2019\/04\/56306597_785587325141657_5785561341326524416_n.jpg 1024w, https:\/\/oasisfm935.com.ar\/site\/wp-content\/uploads\/2019\/04\/56306597_785587325141657_5785561341326524416_n-300x150.jpg 300w, https:\/\/oasisfm935.com.ar\/site\/wp-content\/uploads\/2019\/04\/56306597_785587325141657_5785561341326524416_n-768x384.jpg 768w\" sizes=\"auto, (max-width: 1024px) 100vw, 1024px\" \/><\/a><\/p>\n<p>&nbsp;<\/p>\n<p>&nbsp;<\/p>\n<p>&nbsp;<\/p>\n<p>&nbsp;<\/p>\n<p>&nbsp;<\/p>\n<div class=\"oasis-despues-del-contenido\" id=\"oasis-4005312357\"><img loading=\"lazy\" decoding=\"async\" src=\"https:\/\/oasisfm935.com.ar\/site\/wp-content\/uploads\/2020\/08\/47806202-8741-49f2-a5c9-d2f930e5baa1.jpg\" alt=\"\"  srcset=\"https:\/\/oasisfm935.com.ar\/site\/wp-content\/uploads\/2020\/08\/47806202-8741-49f2-a5c9-d2f930e5baa1.jpg 1080w, https:\/\/oasisfm935.com.ar\/site\/wp-content\/uploads\/2020\/08\/47806202-8741-49f2-a5c9-d2f930e5baa1-300x300.jpg 300w, https:\/\/oasisfm935.com.ar\/site\/wp-content\/uploads\/2020\/08\/47806202-8741-49f2-a5c9-d2f930e5baa1-1024x1024.jpg 1024w, https:\/\/oasisfm935.com.ar\/site\/wp-content\/uploads\/2020\/08\/47806202-8741-49f2-a5c9-d2f930e5baa1-150x150.jpg 150w, https:\/\/oasisfm935.com.ar\/site\/wp-content\/uploads\/2020\/08\/47806202-8741-49f2-a5c9-d2f930e5baa1-768x768.jpg 768w\" sizes=\"(max-width: 1080px) 100vw, 1080px\" class=\"no-lazyload\" width=\"1080\" height=\"1080\"  style=\"display: inline-block;\" \/><\/div>","protected":false},"excerpt":{"rendered":"<p>En la ma\u00f1ana de este 2 de Abril y con la presencia de autoridades municipales y Provinciales , banderas de ceremonias de<\/p>\n","protected":false},"author":4,"featured_media":1327,"comment_status":"closed","ping_status":"open","sticky":false,"template":"","format":"standard","meta":{"colormag_page_layout":"default_layout","footnotes":""},"categories":[2],"tags":[],"class_list":["post-1326","post","type-post","status-publish","format-standard","has-post-thumbnail","hentry","category-noticias"],"_links":{"self":[{"href":"https:\/\/oasisfm935.com.ar\/site\/wp-json\/wp\/v2\/posts\/1326","targetHints":{"allow":["GET"]}}],"collection":[{"href":"https:\/\/oasisfm935.com.ar\/site\/wp-json\/wp\/v2\/posts"}],"about":[{"href":"https:\/\/oasisfm935.com.ar\/site\/wp-json\/wp\/v2\/types\/post"}],"author":[{"embeddable":true,"href":"https:\/\/oasisfm935.com.ar\/site\/wp-json\/wp\/v2\/users\/4"}],"replies":[{"embeddable":true,"href":"https:\/\/oasisfm935.com.ar\/site\/wp-json\/wp\/v2\/comments?post=1326"}],"version-history":[{"count":2,"href":"https:\/\/oasisfm935.com.ar\/site\/wp-json\/wp\/v2\/posts\/1326\/revisions"}],"predecessor-version":[{"id":1334,"href":"https:\/\/oasisfm935.com.ar\/site\/wp-json\/wp\/v2\/posts\/1326\/revisions\/1334"}],"wp:featuredmedia":[{"embeddable":true,"href":"https:\/\/oasisfm935.com.ar\/site\/wp-json\/wp\/v2\/media\/1327"}],"wp:attachment":[{"href":"https:\/\/oasisfm935.com.ar\/site\/wp-json\/wp\/v2\/media?parent=1326"}],"wp:term":[{"taxonomy":"category","embeddable":true,"href":"https:\/\/oasisfm935.com.ar\/site\/wp-json\/wp\/v2\/categories?post=1326"},{"taxonomy":"post_tag","embeddable":true,"href":"https:\/\/oasisfm935.com.ar\/site\/wp-json\/wp\/v2\/tags?post=1326"}],"curies":[{"name":"wp","href":"https:\/\/api.w.org\/{rel}","templated":true}]}}