{"id":1344,"date":"2019-04-03T19:48:47","date_gmt":"2019-04-03T22:48:47","guid":{"rendered":"http:\/\/oasisfm935.com\/site\/?p=1344"},"modified":"2019-04-03T19:50:33","modified_gmt":"2019-04-03T22:50:33","slug":"inauguraron-el-consultorio-de-salud-en-ingeniero-luiggi","status":"publish","type":"post","link":"https:\/\/oasisfm935.com.ar\/site\/inauguraron-el-consultorio-de-salud-en-ingeniero-luiggi\/","title":{"rendered":"Inauguraron  el consultorio de salud en Ingeniero Luiggi"},"content":{"rendered":"<p>El proyecto se enmarca dentro de nuestra pol\u00edtica gremial sobre la importancia de la salud de compa\u00f1eras y compa\u00f1eros que por las caracter\u00edsticas propias del trabajo necesitan formaci\u00f3n, prevenci\u00f3n y atenci\u00f3n de este \u00e1rea.<\/p>\n<p><a href=\"http:\/\/oasisfm935.com\/site\/wp-content\/uploads\/2019\/04\/sl20190323-8-658x465.jpg\"><img loading=\"lazy\" decoding=\"async\" class=\"alignnone size-full wp-image-1346\" src=\"http:\/\/oasisfm935.com\/site\/wp-content\/uploads\/2019\/04\/sl20190323-8-658x465.jpg\" alt=\"\" width=\"658\" height=\"465\" srcset=\"https:\/\/oasisfm935.com.ar\/site\/wp-content\/uploads\/2019\/04\/sl20190323-8-658x465.jpg 658w, https:\/\/oasisfm935.com.ar\/site\/wp-content\/uploads\/2019\/04\/sl20190323-8-658x465-300x212.jpg 300w\" sizes=\"auto, (max-width: 658px) 100vw, 658px\" \/><\/a><\/p>\n<p>En esta primera etapa comenzara a funcionar en la Seccional Ing. Luiggi el primer consultorio con la idea de ir sumando profesionales de la salud que fortalezcan el trabajo con la Secretaria de Salud Laboral Provincial, la COMISET y lxs afiliadxs, con el fin de prevenir enfermedades y mejorar la calidad de vida.<\/p>\n<p>La informaci\u00f3n sobre atenci\u00f3n y turnos se podr\u00e1 realizar a partir de abril en la Seccional o al tel\u00e9fono\u00a0<strong><a href=\"tel:2302200395\">2302-200395<\/a><\/strong>.<\/p>\n<div class=\"oasis-despues-del-contenido\" id=\"oasis-252662470\"><img loading=\"lazy\" decoding=\"async\" src=\"https:\/\/oasisfm935.com.ar\/site\/wp-content\/uploads\/2020\/08\/47806202-8741-49f2-a5c9-d2f930e5baa1.jpg\" alt=\"\"  srcset=\"https:\/\/oasisfm935.com.ar\/site\/wp-content\/uploads\/2020\/08\/47806202-8741-49f2-a5c9-d2f930e5baa1.jpg 1080w, https:\/\/oasisfm935.com.ar\/site\/wp-content\/uploads\/2020\/08\/47806202-8741-49f2-a5c9-d2f930e5baa1-300x300.jpg 300w, https:\/\/oasisfm935.com.ar\/site\/wp-content\/uploads\/2020\/08\/47806202-8741-49f2-a5c9-d2f930e5baa1-1024x1024.jpg 1024w, https:\/\/oasisfm935.com.ar\/site\/wp-content\/uploads\/2020\/08\/47806202-8741-49f2-a5c9-d2f930e5baa1-150x150.jpg 150w, https:\/\/oasisfm935.com.ar\/site\/wp-content\/uploads\/2020\/08\/47806202-8741-49f2-a5c9-d2f930e5baa1-768x768.jpg 768w\" sizes=\"(max-width: 1080px) 100vw, 1080px\" class=\"no-lazyload\" width=\"1080\" height=\"1080\"  style=\"display: inline-block;\" \/><\/div>","protected":false},"excerpt":{"rendered":"<p>El proyecto se enmarca dentro de nuestra pol\u00edtica gremial sobre la importancia de la salud de compa\u00f1eras y compa\u00f1eros que por las<\/p>\n","protected":false},"author":4,"featured_media":1345,"comment_status":"closed","ping_status":"open","sticky":false,"template":"","format":"standard","meta":{"colormag_page_layout":"default_layout","footnotes":""},"categories":[2],"tags":[],"class_list":["post-1344","post","type-post","status-publish","format-standard","has-post-thumbnail","hentry","category-noticias"],"_links":{"self":[{"href":"https:\/\/oasisfm935.com.ar\/site\/wp-json\/wp\/v2\/posts\/1344","targetHints":{"allow":["GET"]}}],"collection":[{"href":"https:\/\/oasisfm935.com.ar\/site\/wp-json\/wp\/v2\/posts"}],"about":[{"href":"https:\/\/oasisfm935.com.ar\/site\/wp-json\/wp\/v2\/types\/post"}],"author":[{"embeddable":true,"href":"https:\/\/oasisfm935.com.ar\/site\/wp-json\/wp\/v2\/users\/4"}],"replies":[{"embeddable":true,"href":"https:\/\/oasisfm935.com.ar\/site\/wp-json\/wp\/v2\/comments?post=1344"}],"version-history":[{"count":2,"href":"https:\/\/oasisfm935.com.ar\/site\/wp-json\/wp\/v2\/posts\/1344\/revisions"}],"predecessor-version":[{"id":1348,"href":"https:\/\/oasisfm935.com.ar\/site\/wp-json\/wp\/v2\/posts\/1344\/revisions\/1348"}],"wp:featuredmedia":[{"embeddable":true,"href":"https:\/\/oasisfm935.com.ar\/site\/wp-json\/wp\/v2\/media\/1345"}],"wp:attachment":[{"href":"https:\/\/oasisfm935.com.ar\/site\/wp-json\/wp\/v2\/media?parent=1344"}],"wp:term":[{"taxonomy":"category","embeddable":true,"href":"https:\/\/oasisfm935.com.ar\/site\/wp-json\/wp\/v2\/categories?post=1344"},{"taxonomy":"post_tag","embeddable":true,"href":"https:\/\/oasisfm935.com.ar\/site\/wp-json\/wp\/v2\/tags?post=1344"}],"curies":[{"name":"wp","href":"https:\/\/api.w.org\/{rel}","templated":true}]}}