{"id":1352,"date":"2019-04-04T10:08:22","date_gmt":"2019-04-04T13:08:22","guid":{"rendered":"http:\/\/oasisfm935.com\/site\/?p=1352"},"modified":"2019-04-04T10:08:22","modified_gmt":"2019-04-04T13:08:22","slug":"dujovne-insiste-lo-peor-de-la-crisis-ya-paso","status":"publish","type":"post","link":"https:\/\/oasisfm935.com.ar\/site\/dujovne-insiste-lo-peor-de-la-crisis-ya-paso\/","title":{"rendered":"Dujovne insiste: \u00abLo peor de la crisis ya pas\u00f3\u00bb"},"content":{"rendered":"<p>El ministro de Hacienda y Finanzas, Nicol\u00e1s Dujovne, asegur\u00f3 que \u00ablo peor de la crisis ya pas\u00f3\u00bb y remarc\u00f3 que para las pr\u00f3ximas elecciones \u00abhay dos opciones: kirchnerismo o Cambiemos\u00bb.<\/p>\n<p>En ese sentido, Dujovne vincul\u00f3 a ese sector de la oposici\u00f3n con la crisis que vive Venezuela, al indicar que en ese pa\u00eds la gente \u00abse va por el hambre\u00bb. Agreg\u00f3 que eso es lo que le espera a la Argentina si Cambiemos no vuelve a ganar las elecciones este a\u00f1o.<\/p>\n<p>\u00abLa econom\u00eda es uno de los componentes, pero es una discusi\u00f3n entre futuro y pasado. Hay que mirar una pel\u00edcula sobre el norte, hacia donde vamos. Eso s\u00ed va a estar en tela de juicio a la hora de votar\u00bb, precis\u00f3 en declaraciones al canal Todo Noticias (TN).<\/p>\n<p>Adem\u00e1s, agreg\u00f3: \u00abNo podemos subestimar a la sociedad argentina. Los argentinos saben que estamos construyendo algo perdurable. La opini\u00f3n p\u00fablica es din\u00e1mica. En 2015 Cambiemos tuvo un incesante crecimiento a lo largo del a\u00f1o. Aspiramos a poder ir consolidando un apoyo mayor\u00bb.<\/p>\n<p>Dujovne record\u00f3 que el l\u00edder del Frente Renovador, Sergio Massa, form\u00f3 parte del Gobierno kirchnerista y que desde el \u00abperonismo federal\u00bb no hay propuestas econ\u00f3micas.<\/p>\n<p>El funcionario macrista plante\u00f3 que debe darse \u00abuna discusi\u00f3n sobre futuro o pasado, qu\u00e9 econom\u00eda quieren tener los argentinos por mucho tiempo\u00bb.<\/p>\n<p>\u00abNo tenemos que perder la perspectiva de hacia d\u00f3nde vamos y cu\u00e1les son los errores que no tenemos que volver cometer\u00bb, insisti\u00f3.<\/p>\n<p>El ministro asegur\u00f3 que \u00ablo peor de la crisis qued\u00f3 atr\u00e1s\u00bb, pero admiti\u00f3 que al pa\u00eds le \u00abcuesta vivir con un tipo de cambio flotante\u00bb.<\/p>\n<p>Respecto del precio del d\u00f3lar, que este mi\u00e9rcoles cerr\u00f3 a 43,83 pesos para la venta, asegur\u00f3 que es \u00abun tipo de cambio competitivo\u00bb.<\/p>\n<p>\u00abHemos pasado por distintos momentos. Algunos mejores, algunos muy dif\u00edciles. El 2016 fue complicado, porque empezamos a tomar las medidas para normalizar la econom\u00eda. \u00cdbamos derecho a una crisis muy grande. En 2017 la econom\u00eda creci\u00f3 mucho, acerc\u00e1ndose a la que queremos para los a\u00f1os que vienen\u00bb, a\u00f1adi\u00f3.<\/p>\n<p>Por otra parte, Dujovne se\u00f1al\u00f3 que \u00ablas tasas altas van a durar mientras que la inflaci\u00f3n sea alta\u00bb, al tiempo que a\u00f1adi\u00f3: \u00abCuando la inflaci\u00f3n vaya bajando, la tasa de inter\u00e9s ser\u00e1 menor\u00bb.<\/p>\n<p>Asimismo, se refiri\u00f3 a la ex presidenta y actual senadora nacional Cristina de Kirchner al remarcar: \u00abHay un grupo de la sociedad argentina que apoya las pol\u00edticas de la ex presidenta. Si segu\u00eda adelante \u00edbamos a terminar igual que Venezuela. Nos falt\u00f3 ver esa parte porque gracias a Dios los argentinos quisieron cambiar y me parece que no quieren volver a eso\u00bb.<\/p>\n<p>La crisis econ\u00f3mica gener\u00f3 que el \u00faltimo \u00edndice de pobreza arroje resultados alarmantes.<\/p>\n<p>\u00abHemos vuelto al punto de partido en cuanto al n\u00famero, que es muy alto\u00bb, precis\u00f3 el ministro en relaci\u00f3n al 32% que se alcanz\u00f3 en 2018.<\/p>\n<p>Sin embargo, resalt\u00f3 que cuando se \u00abagrega el componente del acceso al agua potable o las cloacas, la mortalidad infantil disminuy\u00f3\u00bb.<\/p>\n<div class=\"oasis-despues-del-contenido\" id=\"oasis-2594526482\"><img loading=\"lazy\" decoding=\"async\" src=\"https:\/\/oasisfm935.com.ar\/site\/wp-content\/uploads\/2020\/08\/47806202-8741-49f2-a5c9-d2f930e5baa1.jpg\" alt=\"\"  srcset=\"https:\/\/oasisfm935.com.ar\/site\/wp-content\/uploads\/2020\/08\/47806202-8741-49f2-a5c9-d2f930e5baa1.jpg 1080w, https:\/\/oasisfm935.com.ar\/site\/wp-content\/uploads\/2020\/08\/47806202-8741-49f2-a5c9-d2f930e5baa1-300x300.jpg 300w, https:\/\/oasisfm935.com.ar\/site\/wp-content\/uploads\/2020\/08\/47806202-8741-49f2-a5c9-d2f930e5baa1-1024x1024.jpg 1024w, https:\/\/oasisfm935.com.ar\/site\/wp-content\/uploads\/2020\/08\/47806202-8741-49f2-a5c9-d2f930e5baa1-150x150.jpg 150w, https:\/\/oasisfm935.com.ar\/site\/wp-content\/uploads\/2020\/08\/47806202-8741-49f2-a5c9-d2f930e5baa1-768x768.jpg 768w\" sizes=\"(max-width: 1080px) 100vw, 1080px\" class=\"no-lazyload\" width=\"1080\" height=\"1080\"  style=\"display: inline-block;\" \/><\/div>","protected":false},"excerpt":{"rendered":"<p>El ministro de Hacienda y Finanzas, Nicol\u00e1s Dujovne, asegur\u00f3 que \u00ablo peor de la crisis ya pas\u00f3\u00bb y remarc\u00f3 que para las<\/p>\n","protected":false},"author":4,"featured_media":1353,"comment_status":"closed","ping_status":"open","sticky":false,"template":"","format":"standard","meta":{"colormag_page_layout":"default_layout","footnotes":""},"categories":[2],"tags":[],"class_list":["post-1352","post","type-post","status-publish","format-standard","has-post-thumbnail","hentry","category-noticias"],"_links":{"self":[{"href":"https:\/\/oasisfm935.com.ar\/site\/wp-json\/wp\/v2\/posts\/1352","targetHints":{"allow":["GET"]}}],"collection":[{"href":"https:\/\/oasisfm935.com.ar\/site\/wp-json\/wp\/v2\/posts"}],"about":[{"href":"https:\/\/oasisfm935.com.ar\/site\/wp-json\/wp\/v2\/types\/post"}],"author":[{"embeddable":true,"href":"https:\/\/oasisfm935.com.ar\/site\/wp-json\/wp\/v2\/users\/4"}],"replies":[{"embeddable":true,"href":"https:\/\/oasisfm935.com.ar\/site\/wp-json\/wp\/v2\/comments?post=1352"}],"version-history":[{"count":1,"href":"https:\/\/oasisfm935.com.ar\/site\/wp-json\/wp\/v2\/posts\/1352\/revisions"}],"predecessor-version":[{"id":1354,"href":"https:\/\/oasisfm935.com.ar\/site\/wp-json\/wp\/v2\/posts\/1352\/revisions\/1354"}],"wp:featuredmedia":[{"embeddable":true,"href":"https:\/\/oasisfm935.com.ar\/site\/wp-json\/wp\/v2\/media\/1353"}],"wp:attachment":[{"href":"https:\/\/oasisfm935.com.ar\/site\/wp-json\/wp\/v2\/media?parent=1352"}],"wp:term":[{"taxonomy":"category","embeddable":true,"href":"https:\/\/oasisfm935.com.ar\/site\/wp-json\/wp\/v2\/categories?post=1352"},{"taxonomy":"post_tag","embeddable":true,"href":"https:\/\/oasisfm935.com.ar\/site\/wp-json\/wp\/v2\/tags?post=1352"}],"curies":[{"name":"wp","href":"https:\/\/api.w.org\/{rel}","templated":true}]}}