{"id":1355,"date":"2019-04-04T11:12:52","date_gmt":"2019-04-04T14:12:52","guid":{"rendered":"http:\/\/oasisfm935.com\/site\/?p=1355"},"modified":"2019-04-04T11:12:52","modified_gmt":"2019-04-04T14:12:52","slug":"murio-alberto-cortez","status":"publish","type":"post","link":"https:\/\/oasisfm935.com.ar\/site\/murio-alberto-cortez\/","title":{"rendered":"Muri\u00f3 Alberto Cortez"},"content":{"rendered":"<p>El cantante, nacido en Rancul, falleci\u00f3 en Espa\u00f1a tras varios d\u00edas internado. Ten\u00eda 79 a\u00f1os.<\/p>\n<p>El cantautor Alberto Cortez muri\u00f3 a los 79 a\u00f1os en Espa\u00f1a tras permanecer internado dos semanas. Sufri\u00f3 una hemorragia g\u00e1strica y el cuadro empeor\u00f3 este mi\u00e9rcoles por la noche cuando hab\u00eda sido trasladado a planta normal para su recuperaci\u00f3n.<\/p>\n<p>Cortez naci\u00f3 en Rancul y vivi\u00f3 durante gran parte de su vida en Espa\u00f1a. Autor y cantante de grandes \u00e9xitos de la m\u00fasica latinoamericana, t\u00edtulos como \u00abEn un rinc\u00f3n del alma\u00bb, \u00abCallejero\u00bb, \u00abMi \u00e1rbol y yo\u00bb, \u00abA partir de ma\u00f1ana\u00bb, \u00abTe llegar\u00e1 una rosa\u00bb, \u00abCastillos en el aire\u00bb, \u00abCuando un amigo se va\u00bb o \u00abEl abuelo\u00bb, entre otros, forman parte del cancionero popular.<\/p>\n<div class=\"oasis-despues-del-contenido\" id=\"oasis-809031647\"><img loading=\"lazy\" decoding=\"async\" src=\"https:\/\/oasisfm935.com.ar\/site\/wp-content\/uploads\/2020\/08\/47806202-8741-49f2-a5c9-d2f930e5baa1.jpg\" alt=\"\"  srcset=\"https:\/\/oasisfm935.com.ar\/site\/wp-content\/uploads\/2020\/08\/47806202-8741-49f2-a5c9-d2f930e5baa1.jpg 1080w, https:\/\/oasisfm935.com.ar\/site\/wp-content\/uploads\/2020\/08\/47806202-8741-49f2-a5c9-d2f930e5baa1-300x300.jpg 300w, https:\/\/oasisfm935.com.ar\/site\/wp-content\/uploads\/2020\/08\/47806202-8741-49f2-a5c9-d2f930e5baa1-1024x1024.jpg 1024w, https:\/\/oasisfm935.com.ar\/site\/wp-content\/uploads\/2020\/08\/47806202-8741-49f2-a5c9-d2f930e5baa1-150x150.jpg 150w, https:\/\/oasisfm935.com.ar\/site\/wp-content\/uploads\/2020\/08\/47806202-8741-49f2-a5c9-d2f930e5baa1-768x768.jpg 768w\" sizes=\"(max-width: 1080px) 100vw, 1080px\" class=\"no-lazyload\" width=\"1080\" height=\"1080\"  style=\"display: inline-block;\" \/><\/div>","protected":false},"excerpt":{"rendered":"<p>El cantante, nacido en Rancul, falleci\u00f3 en Espa\u00f1a tras varios d\u00edas internado. Ten\u00eda 79 a\u00f1os. El cantautor Alberto Cortez muri\u00f3 a los<\/p>\n","protected":false},"author":4,"featured_media":1356,"comment_status":"closed","ping_status":"open","sticky":false,"template":"","format":"standard","meta":{"colormag_page_layout":"default_layout","footnotes":""},"categories":[2],"tags":[],"class_list":["post-1355","post","type-post","status-publish","format-standard","has-post-thumbnail","hentry","category-noticias"],"_links":{"self":[{"href":"https:\/\/oasisfm935.com.ar\/site\/wp-json\/wp\/v2\/posts\/1355","targetHints":{"allow":["GET"]}}],"collection":[{"href":"https:\/\/oasisfm935.com.ar\/site\/wp-json\/wp\/v2\/posts"}],"about":[{"href":"https:\/\/oasisfm935.com.ar\/site\/wp-json\/wp\/v2\/types\/post"}],"author":[{"embeddable":true,"href":"https:\/\/oasisfm935.com.ar\/site\/wp-json\/wp\/v2\/users\/4"}],"replies":[{"embeddable":true,"href":"https:\/\/oasisfm935.com.ar\/site\/wp-json\/wp\/v2\/comments?post=1355"}],"version-history":[{"count":1,"href":"https:\/\/oasisfm935.com.ar\/site\/wp-json\/wp\/v2\/posts\/1355\/revisions"}],"predecessor-version":[{"id":1357,"href":"https:\/\/oasisfm935.com.ar\/site\/wp-json\/wp\/v2\/posts\/1355\/revisions\/1357"}],"wp:featuredmedia":[{"embeddable":true,"href":"https:\/\/oasisfm935.com.ar\/site\/wp-json\/wp\/v2\/media\/1356"}],"wp:attachment":[{"href":"https:\/\/oasisfm935.com.ar\/site\/wp-json\/wp\/v2\/media?parent=1355"}],"wp:term":[{"taxonomy":"category","embeddable":true,"href":"https:\/\/oasisfm935.com.ar\/site\/wp-json\/wp\/v2\/categories?post=1355"},{"taxonomy":"post_tag","embeddable":true,"href":"https:\/\/oasisfm935.com.ar\/site\/wp-json\/wp\/v2\/tags?post=1355"}],"curies":[{"name":"wp","href":"https:\/\/api.w.org\/{rel}","templated":true}]}}