{"id":13669,"date":"2023-05-04T19:59:20","date_gmt":"2023-05-04T22:59:20","guid":{"rendered":"http:\/\/oasisfm935.com\/site\/?p=13669"},"modified":"2023-05-04T19:59:20","modified_gmt":"2023-05-04T22:59:20","slug":"pymes-pampeanas-reciben-subsidio-de-860-mil-por-cada-nuevo-trabajador-registrado","status":"publish","type":"post","link":"https:\/\/oasisfm935.com.ar\/site\/pymes-pampeanas-reciben-subsidio-de-860-mil-por-cada-nuevo-trabajador-registrado\/","title":{"rendered":"PyMEs pampeanas reciben subsidio de $860 mil por cada nuevo trabajador registrado"},"content":{"rendered":"<p class=\"lead nota-detalle-bajada\">La cifra surge de las actualizaciones previstas en la creaci\u00f3n del Programa de Fortalecimiento del Trabajo Pampeano \u2013PFTP-. Con los nuevos \u00edndices, \u00a0el Gobierno Provincial aporta por cada nuevo empleo registrado un total de $859.042,98, de los cuales $95.449,22 son por \u00a0los primeros tres meses de capacitaci\u00f3n y $47.724,61 durante los restantes doce meses. \u00a0Adem\u00e1s, los empleadores tendr\u00e1n la opci\u00f3n de acceder, por cada nuevo trabajador, \u00a0a un cr\u00e9dito \u00a0a tasa cero, de $860 mil. \u00a0Desde el inicio de esta operatoria a la fecha, se ha facilitado la creaci\u00f3n de 2.031 nuevos puestos de trabajo.<\/p>\n<div class=\"nota-detalle-cuerpo\">La Secretaria de Trabajo y Promoci\u00f3n del Empleo, informa que se llev\u00f3 a cabo la actualizaci\u00f3n trimestral correspondiente al Programa de Fortalecimiento del Trabajo Pampeano, seg\u00fan lo establecido por el Articulo N\u00ba 6 del Decreto de creaci\u00f3n 3479\/20.<\/p>\n<p>As\u00ed, la asignaci\u00f3n econ\u00f3mica que el Gobierno provincial otorga a todos aquellos empleadores que incorporen nuevo personal a su n\u00f3mina, aumenta en un 19 % respecto de su anterior actualizaci\u00f3n, que, como se estipul\u00f3, se calcula en funci\u00f3n del Coeficiente de Variaci\u00f3n Salarial (CVS).<\/p>\n<p>Cabe recordar que el PROGRAMA DE FORTALECIMIENTO DEL TRABAJO PAMPEANO consiste en<br \/>\notorgar por parte del Estado Provincial, un aporte econ\u00f3mico a cada empleador que contrate de<br \/>\nmanera formal a un nuevo trabajador o trabajadora, teniendo que estar este \u00faltimo desocupado y<br \/>\nradicado en la provincia de La Pampa.<\/p>\n<p><strong>Cr\u00e9ditos del BLP<\/strong><br \/>\nComo se sabe el programa conlleva a posibilidad de tomar un cr\u00e9dito del Banco de La Pampa a tasa cero.<br \/>\nEn virtud de la actualizaci\u00f3n de los montos que\u00a0 aporte el Gobierno Provincial por cada nuevo empleo registrado creado el BLP otorga un cr\u00e9dito de $860.000 (antes el monto era de $720 mil), estableci\u00e9ndose un monto m\u00e1ximo por empleados de $ 17.200.000, valor que antes del reval\u00fao se ubica en $ 14.400.000.<\/div>\n<div class=\"nota-detalle-cuerpo\">\n<strong>2.031 nuevos puestos de trabajo<\/strong><br \/>\nEl Programa de Fortalecimiento del Trabajo Pampeano fue creado en diciembre de 2020 \u00a0y a la fecha ha funcionado de manera ininterrumpida. A marzo de 2023, es decir, en 28 meses, \u00a0gener\u00f3 2031 nuevos puestos de trabajo mensuales, lo que da un promedio de 72 nuevos empleos por mes.<br \/>\n2023 comenz\u00f3 con n\u00fameros alentadores en lo que a generaci\u00f3n de nuevos puestos se refiere. En enero fueron 82, en febrero 100 y en marzo 88.<\/div>\n<div class=\"oasis-despues-del-contenido\" id=\"oasis-4152203823\"><img loading=\"lazy\" decoding=\"async\" src=\"https:\/\/oasisfm935.com.ar\/site\/wp-content\/uploads\/2020\/08\/47806202-8741-49f2-a5c9-d2f930e5baa1.jpg\" alt=\"\"  srcset=\"https:\/\/oasisfm935.com.ar\/site\/wp-content\/uploads\/2020\/08\/47806202-8741-49f2-a5c9-d2f930e5baa1.jpg 1080w, https:\/\/oasisfm935.com.ar\/site\/wp-content\/uploads\/2020\/08\/47806202-8741-49f2-a5c9-d2f930e5baa1-300x300.jpg 300w, https:\/\/oasisfm935.com.ar\/site\/wp-content\/uploads\/2020\/08\/47806202-8741-49f2-a5c9-d2f930e5baa1-1024x1024.jpg 1024w, https:\/\/oasisfm935.com.ar\/site\/wp-content\/uploads\/2020\/08\/47806202-8741-49f2-a5c9-d2f930e5baa1-150x150.jpg 150w, https:\/\/oasisfm935.com.ar\/site\/wp-content\/uploads\/2020\/08\/47806202-8741-49f2-a5c9-d2f930e5baa1-768x768.jpg 768w\" sizes=\"(max-width: 1080px) 100vw, 1080px\" class=\"no-lazyload\" width=\"1080\" height=\"1080\"  style=\"display: inline-block;\" \/><\/div>","protected":false},"excerpt":{"rendered":"<p>La cifra surge de las actualizaciones previstas en la creaci\u00f3n del Programa de Fortalecimiento del Trabajo Pampeano \u2013PFTP-. Con los nuevos \u00edndices,<\/p>\n","protected":false},"author":4,"featured_media":13670,"comment_status":"closed","ping_status":"open","sticky":false,"template":"","format":"standard","meta":{"colormag_page_layout":"default_layout","footnotes":""},"categories":[2],"tags":[],"class_list":["post-13669","post","type-post","status-publish","format-standard","has-post-thumbnail","hentry","category-noticias"],"_links":{"self":[{"href":"https:\/\/oasisfm935.com.ar\/site\/wp-json\/wp\/v2\/posts\/13669","targetHints":{"allow":["GET"]}}],"collection":[{"href":"https:\/\/oasisfm935.com.ar\/site\/wp-json\/wp\/v2\/posts"}],"about":[{"href":"https:\/\/oasisfm935.com.ar\/site\/wp-json\/wp\/v2\/types\/post"}],"author":[{"embeddable":true,"href":"https:\/\/oasisfm935.com.ar\/site\/wp-json\/wp\/v2\/users\/4"}],"replies":[{"embeddable":true,"href":"https:\/\/oasisfm935.com.ar\/site\/wp-json\/wp\/v2\/comments?post=13669"}],"version-history":[{"count":1,"href":"https:\/\/oasisfm935.com.ar\/site\/wp-json\/wp\/v2\/posts\/13669\/revisions"}],"predecessor-version":[{"id":13671,"href":"https:\/\/oasisfm935.com.ar\/site\/wp-json\/wp\/v2\/posts\/13669\/revisions\/13671"}],"wp:featuredmedia":[{"embeddable":true,"href":"https:\/\/oasisfm935.com.ar\/site\/wp-json\/wp\/v2\/media\/13670"}],"wp:attachment":[{"href":"https:\/\/oasisfm935.com.ar\/site\/wp-json\/wp\/v2\/media?parent=13669"}],"wp:term":[{"taxonomy":"category","embeddable":true,"href":"https:\/\/oasisfm935.com.ar\/site\/wp-json\/wp\/v2\/categories?post=13669"},{"taxonomy":"post_tag","embeddable":true,"href":"https:\/\/oasisfm935.com.ar\/site\/wp-json\/wp\/v2\/tags?post=13669"}],"curies":[{"name":"wp","href":"https:\/\/api.w.org\/{rel}","templated":true}]}}