{"id":13691,"date":"2023-05-08T09:06:54","date_gmt":"2023-05-08T12:06:54","guid":{"rendered":"http:\/\/oasisfm935.com.ar\/site\/?p=13691"},"modified":"2023-05-08T09:10:30","modified_gmt":"2023-05-08T12:10:30","slug":"primera-b-de-la-liga-pampeana-como-le-fue-a-costa-brava-y-a-matienzo","status":"publish","type":"post","link":"https:\/\/oasisfm935.com.ar\/site\/primera-b-de-la-liga-pampeana-como-le-fue-a-costa-brava-y-a-matienzo\/","title":{"rendered":"Primera B de la Liga Pampeana: Costa Brava perdi\u00f3 7 a 1 con Agrario, Matienzo y Rivadavia empataron."},"content":{"rendered":"<p>En la primera fecha del ascenso de la Liga Pampeana, Deportivo Ranqueles y Cultural Argentino empataron 0 a 0 en el estadio ubicado en calles 25 y 52 en General Pico, por la zona Centro-Sur. En la Norte, Agrario gole\u00f3 a Costa de Luiggi, como dato saliente en este domingo.<\/p>\n<p><strong>Matienzo 0 \u2013 Rivadavia (Arata) 0<\/strong><\/p>\n<p>Gol: \u2013<\/p>\n<p>\u00c1rbitro: H\u00e9ctor Flores.<\/p>\n<p>Expulsados: \u2013<\/p>\n<p>Sub-20: 1-1<\/p>\n<p>Estadio: Jos\u00e9 Manuel Garay<\/p>\n<p>&nbsp;<\/p>\n<p>&nbsp;<\/p>\n<p><strong>Costa de Luiggi 1 \u2013 Agrario 7<\/strong><\/p>\n<p>Gol: M. Guti\u00e9rrez (CL) \/ J. Guti\u00e9rrez, M. Pe\u00f1a x3, M. S\u00e1nchez x2, \u00c1lvaro Lucero (A)<\/p>\n<p>\u00c1rbitro: Flavio Mendoza.<\/p>\n<p>Expulsados: \u2013<\/p>\n<p>Sub-20: 9-3 gan\u00f3 Agrario.<\/p>\n<p>Estadio: Costa de Luiggi.<\/p>\n<p><strong>Zona Norte<\/strong><\/p>\n<figure class=\"wp-block-table\">\n<table>\n<tbody>\n<tr>\n<td>POS<\/td>\n<td>EQUIPO<\/td>\n<td>PTO<\/td>\n<td>PJ<\/td>\n<td>PG<\/td>\n<td>PE<\/td>\n<td>PP<\/td>\n<td>GF<\/td>\n<td>GC<\/td>\n<td>DG<\/td>\n<\/tr>\n<tr>\n<td>1<\/td>\n<td>Agrario<\/td>\n<td>3<\/td>\n<td>1<\/td>\n<td>1<\/td>\n<td>0<\/td>\n<td>0<\/td>\n<td>7<\/td>\n<td>1<\/td>\n<td>+6<\/td>\n<\/tr>\n<tr>\n<td>2<\/td>\n<td>Matienzo<\/td>\n<td>1<\/td>\n<td>1<\/td>\n<td>0<\/td>\n<td>1<\/td>\n<td>0<\/td>\n<td>0<\/td>\n<td>0<\/td>\n<td>0<\/td>\n<\/tr>\n<tr>\n<td>3<\/td>\n<td>Rivadavia<\/td>\n<td>1<\/td>\n<td>1<\/td>\n<td>0<\/td>\n<td>1<\/td>\n<td>0<\/td>\n<td>0<\/td>\n<td>0<\/td>\n<td>0<\/td>\n<\/tr>\n<tr>\n<td>4<\/td>\n<td>Sp. Realic\u00f3<\/td>\n<td>1<\/td>\n<td>1<\/td>\n<td>0<\/td>\n<td>1<\/td>\n<td>0<\/td>\n<td>1<\/td>\n<td>1<\/td>\n<td>0<\/td>\n<\/tr>\n<tr>\n<td>5<\/td>\n<td>Caleuf\u00fa FC<\/td>\n<td>1<\/td>\n<td>1<\/td>\n<td>0<\/td>\n<td>1<\/td>\n<td>0<\/td>\n<td>1<\/td>\n<td>1<\/td>\n<td>0<\/td>\n<\/tr>\n<tr>\n<td>6<\/td>\n<td>Costa de Luiggi<\/td>\n<td>0<\/td>\n<td>1<\/td>\n<td>0<\/td>\n<td>0<\/td>\n<td>1<\/td>\n<td>1<\/td>\n<td>7<\/td>\n<td>-6<\/td>\n<\/tr>\n<\/tbody>\n<\/table>\n<h2 class=\"wp-block-heading\"><strong>Pr\u00f3xima fecha<\/strong><\/h2>\n<p>Belgrano \u2013 Ranqueles<\/p>\n<p>Argentino \u2013 Pico FBC<\/p>\n<p>Libre: Dep. Argentino<\/p>\n<p>Costa de Luiggi \u2013 Rivadavia<\/p>\n<p>Agrario \u2013 Sp. Realic\u00f3<\/p>\n<p>Caleuf\u00fa FC- Matienzo<\/figure>\n<div class=\"oasis-despues-del-contenido\" id=\"oasis-125142073\"><img loading=\"lazy\" decoding=\"async\" src=\"https:\/\/oasisfm935.com.ar\/site\/wp-content\/uploads\/2020\/08\/47806202-8741-49f2-a5c9-d2f930e5baa1.jpg\" alt=\"\"  srcset=\"https:\/\/oasisfm935.com.ar\/site\/wp-content\/uploads\/2020\/08\/47806202-8741-49f2-a5c9-d2f930e5baa1.jpg 1080w, https:\/\/oasisfm935.com.ar\/site\/wp-content\/uploads\/2020\/08\/47806202-8741-49f2-a5c9-d2f930e5baa1-300x300.jpg 300w, https:\/\/oasisfm935.com.ar\/site\/wp-content\/uploads\/2020\/08\/47806202-8741-49f2-a5c9-d2f930e5baa1-1024x1024.jpg 1024w, https:\/\/oasisfm935.com.ar\/site\/wp-content\/uploads\/2020\/08\/47806202-8741-49f2-a5c9-d2f930e5baa1-150x150.jpg 150w, https:\/\/oasisfm935.com.ar\/site\/wp-content\/uploads\/2020\/08\/47806202-8741-49f2-a5c9-d2f930e5baa1-768x768.jpg 768w\" sizes=\"(max-width: 1080px) 100vw, 1080px\" class=\"no-lazyload\" width=\"1080\" height=\"1080\"  style=\"display: inline-block;\" \/><\/div>","protected":false},"excerpt":{"rendered":"<p>En la primera fecha del ascenso de la Liga Pampeana, Deportivo Ranqueles y Cultural Argentino empataron 0 a 0 en el estadio<\/p>\n","protected":false},"author":4,"featured_media":13692,"comment_status":"closed","ping_status":"open","sticky":false,"template":"","format":"standard","meta":{"colormag_page_layout":"default_layout","footnotes":""},"categories":[2],"tags":[],"class_list":["post-13691","post","type-post","status-publish","format-standard","has-post-thumbnail","hentry","category-noticias"],"_links":{"self":[{"href":"https:\/\/oasisfm935.com.ar\/site\/wp-json\/wp\/v2\/posts\/13691","targetHints":{"allow":["GET"]}}],"collection":[{"href":"https:\/\/oasisfm935.com.ar\/site\/wp-json\/wp\/v2\/posts"}],"about":[{"href":"https:\/\/oasisfm935.com.ar\/site\/wp-json\/wp\/v2\/types\/post"}],"author":[{"embeddable":true,"href":"https:\/\/oasisfm935.com.ar\/site\/wp-json\/wp\/v2\/users\/4"}],"replies":[{"embeddable":true,"href":"https:\/\/oasisfm935.com.ar\/site\/wp-json\/wp\/v2\/comments?post=13691"}],"version-history":[{"count":3,"href":"https:\/\/oasisfm935.com.ar\/site\/wp-json\/wp\/v2\/posts\/13691\/revisions"}],"predecessor-version":[{"id":13695,"href":"https:\/\/oasisfm935.com.ar\/site\/wp-json\/wp\/v2\/posts\/13691\/revisions\/13695"}],"wp:featuredmedia":[{"embeddable":true,"href":"https:\/\/oasisfm935.com.ar\/site\/wp-json\/wp\/v2\/media\/13692"}],"wp:attachment":[{"href":"https:\/\/oasisfm935.com.ar\/site\/wp-json\/wp\/v2\/media?parent=13691"}],"wp:term":[{"taxonomy":"category","embeddable":true,"href":"https:\/\/oasisfm935.com.ar\/site\/wp-json\/wp\/v2\/categories?post=13691"},{"taxonomy":"post_tag","embeddable":true,"href":"https:\/\/oasisfm935.com.ar\/site\/wp-json\/wp\/v2\/tags?post=13691"}],"curies":[{"name":"wp","href":"https:\/\/api.w.org\/{rel}","templated":true}]}}