{"id":1377,"date":"2019-04-05T08:47:40","date_gmt":"2019-04-05T11:47:40","guid":{"rendered":"http:\/\/oasisfm935.com\/site\/?p=1377"},"modified":"2019-04-05T08:55:28","modified_gmt":"2019-04-05T11:55:28","slug":"el-gobierno-exonero-al-docente-y-viceintendente-que-se-fue-al-exterior-con-un-certificado-trucho","status":"publish","type":"post","link":"https:\/\/oasisfm935.com.ar\/site\/el-gobierno-exonero-al-docente-y-viceintendente-que-se-fue-al-exterior-con-un-certificado-trucho\/","title":{"rendered":"El Gobierno exoner\u00f3 al docente y el ex viceintendente que se fue al exterior con un certificado trucho"},"content":{"rendered":"<p>El Gobierno de Carlos Verna<strong>\u00a0exoner\u00f3<\/strong>\u00a0a trav\u00e9s de un decreto al docente<strong>\u00a0Gabriel Estelrich<\/strong>, quien en 2017 se hab\u00eda ido de viaje al exterior con un\u00a0<strong>certificado m\u00e9dico trucho<\/strong>\u00a0para mantener su salario, pudo saber<strong>\u00a0Diario Textual<\/strong>.<\/p>\n<p>Por el\u00a0 Decreto N\u00b0 705, se tom\u00f3 en cuenta la recomendaci\u00f3n de exonerar que hab\u00eda dado, en su momento, la Fiscal\u00eda de Investigaciones Administrativas (FIA).<\/p>\n<p><a href=\"http:\/\/oasisfm935.com\/site\/wp-content\/uploads\/2019\/04\/estelrichdecreto2019-1.jpg\"><img loading=\"lazy\" decoding=\"async\" class=\"alignnone size-full wp-image-1378\" src=\"http:\/\/oasisfm935.com\/site\/wp-content\/uploads\/2019\/04\/estelrichdecreto2019-1.jpg\" alt=\"\" width=\"418\" height=\"240\" srcset=\"https:\/\/oasisfm935.com.ar\/site\/wp-content\/uploads\/2019\/04\/estelrichdecreto2019-1.jpg 418w, https:\/\/oasisfm935.com.ar\/site\/wp-content\/uploads\/2019\/04\/estelrichdecreto2019-1-300x172.jpg 300w\" sizes=\"auto, (max-width: 418px) 100vw, 418px\" \/><\/a><\/p>\n<p>&nbsp;<\/p>\n<p>Estelrich es bioqu\u00edmico y tiene 53 a\u00f1os. Adem\u00e1s daba clases en un colegio de Luiggi y era el viceintendente hasta el a\u00f1o pasado, cuando renunci\u00f3.<\/p>\n<p>Esta investigaci\u00f3n la inici\u00f3 la FIA, en medio del esc\u00e1ndalo cuando se destaparon decenas de casos de estatales que usaron certificados m\u00e9dicos truchos para irse al exterior de vacaciones. De esta manera,\u00a0<strong>no usaban los d\u00edas de goce de vacaciones y segu\u00edan cobrando su salario.<\/strong><\/p>\n<p>En el caso del bioqu\u00edmico de Luiggi,<strong>\u00a0la FIA acredit\u00f3 que utiliz\u00f3 los certificados m\u00e9dicos extendidos con fechas 27 de junio y 5 de julio de 2017, en los cuales se indicaban d\u00edas de reposo, \u201ca los efectos de usufructuar cuatro d\u00edas de licencia con goce de haberes, cuando en realidad el 24 de junio viaj\u00f3 al exterior y regres\u00f3 el d\u00eda 13 de julio\u201d.<\/strong><\/p>\n<p>En julio de 2018, el juez de control Daniel Ralli lo conden\u00f3, junto a su esposa, por los delitos de \u201cuso de certificado m\u00e9dico falso y fraude en perjuicio de la administraci\u00f3n p\u00fablica, en concurso real\u201d, ya que utilizaron esas constancias para viajar al exterior. Adem\u00e1s el magistrado, en el marco de este juicio abreviado, conden\u00f3 a otro m\u00e9dico a un mes de prisi\u00f3n de ejecuci\u00f3n condicional por haber extendido ese certificado falso.<\/p>\n<p>Diario Textual<\/p>\n<div class=\"oasis-despues-del-contenido\" id=\"oasis-2067698546\"><img loading=\"lazy\" decoding=\"async\" src=\"https:\/\/oasisfm935.com.ar\/site\/wp-content\/uploads\/2020\/08\/47806202-8741-49f2-a5c9-d2f930e5baa1.jpg\" alt=\"\"  srcset=\"https:\/\/oasisfm935.com.ar\/site\/wp-content\/uploads\/2020\/08\/47806202-8741-49f2-a5c9-d2f930e5baa1.jpg 1080w, https:\/\/oasisfm935.com.ar\/site\/wp-content\/uploads\/2020\/08\/47806202-8741-49f2-a5c9-d2f930e5baa1-300x300.jpg 300w, https:\/\/oasisfm935.com.ar\/site\/wp-content\/uploads\/2020\/08\/47806202-8741-49f2-a5c9-d2f930e5baa1-1024x1024.jpg 1024w, https:\/\/oasisfm935.com.ar\/site\/wp-content\/uploads\/2020\/08\/47806202-8741-49f2-a5c9-d2f930e5baa1-150x150.jpg 150w, https:\/\/oasisfm935.com.ar\/site\/wp-content\/uploads\/2020\/08\/47806202-8741-49f2-a5c9-d2f930e5baa1-768x768.jpg 768w\" sizes=\"(max-width: 1080px) 100vw, 1080px\" class=\"no-lazyload\" width=\"1080\" height=\"1080\"  style=\"display: inline-block;\" \/><\/div>","protected":false},"excerpt":{"rendered":"<p>El Gobierno de Carlos Verna\u00a0exoner\u00f3\u00a0a trav\u00e9s de un decreto al docente\u00a0Gabriel Estelrich, quien en 2017 se hab\u00eda ido de viaje al exterior<\/p>\n","protected":false},"author":4,"featured_media":1383,"comment_status":"closed","ping_status":"open","sticky":false,"template":"","format":"standard","meta":{"colormag_page_layout":"default_layout","footnotes":""},"categories":[2],"tags":[],"class_list":["post-1377","post","type-post","status-publish","format-standard","has-post-thumbnail","hentry","category-noticias"],"_links":{"self":[{"href":"https:\/\/oasisfm935.com.ar\/site\/wp-json\/wp\/v2\/posts\/1377","targetHints":{"allow":["GET"]}}],"collection":[{"href":"https:\/\/oasisfm935.com.ar\/site\/wp-json\/wp\/v2\/posts"}],"about":[{"href":"https:\/\/oasisfm935.com.ar\/site\/wp-json\/wp\/v2\/types\/post"}],"author":[{"embeddable":true,"href":"https:\/\/oasisfm935.com.ar\/site\/wp-json\/wp\/v2\/users\/4"}],"replies":[{"embeddable":true,"href":"https:\/\/oasisfm935.com.ar\/site\/wp-json\/wp\/v2\/comments?post=1377"}],"version-history":[{"count":4,"href":"https:\/\/oasisfm935.com.ar\/site\/wp-json\/wp\/v2\/posts\/1377\/revisions"}],"predecessor-version":[{"id":1384,"href":"https:\/\/oasisfm935.com.ar\/site\/wp-json\/wp\/v2\/posts\/1377\/revisions\/1384"}],"wp:featuredmedia":[{"embeddable":true,"href":"https:\/\/oasisfm935.com.ar\/site\/wp-json\/wp\/v2\/media\/1383"}],"wp:attachment":[{"href":"https:\/\/oasisfm935.com.ar\/site\/wp-json\/wp\/v2\/media?parent=1377"}],"wp:term":[{"taxonomy":"category","embeddable":true,"href":"https:\/\/oasisfm935.com.ar\/site\/wp-json\/wp\/v2\/categories?post=1377"},{"taxonomy":"post_tag","embeddable":true,"href":"https:\/\/oasisfm935.com.ar\/site\/wp-json\/wp\/v2\/tags?post=1377"}],"curies":[{"name":"wp","href":"https:\/\/api.w.org\/{rel}","templated":true}]}}