{"id":1390,"date":"2019-04-06T10:57:37","date_gmt":"2019-04-06T13:57:37","guid":{"rendered":"http:\/\/oasisfm935.com\/site\/?p=1390"},"modified":"2019-04-06T10:57:37","modified_gmt":"2019-04-06T13:57:37","slug":"vuelco-fatal-murio-una-adolescente-pampeana","status":"publish","type":"post","link":"https:\/\/oasisfm935.com.ar\/site\/vuelco-fatal-murio-una-adolescente-pampeana\/","title":{"rendered":"Vuelco Fatal: Muri\u00f3 una adolescente pampeana"},"content":{"rendered":"<p>El siniestro ocurri\u00f3 en la madrugada de hoy, alrededor de las 03:00 de la ma\u00f1ana.<\/p>\n<p>l vuelco sucedi\u00f3 en ruta provincial 4 y acceso a la localidad de Ingeniero Foster, que se encuentra ubicada en el l\u00edmite con la provincia de San Luis y a escasos kil\u00f3metros de La Maruja.<\/p>\n<p>En el veh\u00edculo viajaban 6 personas, tres varones y tres mujeres. Cinco de ellas eran mayores de edad y la adolescente de 17 a\u00f1os que falleci\u00f3 tras el vuelco. Esta habr\u00eda sido despedida en uno de los tumbos quedando su cuerpo a metros del veh\u00edculo.<\/p>\n<p><a href=\"http:\/\/oasisfm935.com\/site\/wp-content\/uploads\/2019\/04\/accidentefoster2-fit-666x444.jpg\"><img loading=\"lazy\" decoding=\"async\" class=\"alignnone size-full wp-image-1392\" src=\"http:\/\/oasisfm935.com\/site\/wp-content\/uploads\/2019\/04\/accidentefoster2-fit-666x444.jpg\" alt=\"\" width=\"666\" height=\"444\" srcset=\"https:\/\/oasisfm935.com.ar\/site\/wp-content\/uploads\/2019\/04\/accidentefoster2-fit-666x444.jpg 666w, https:\/\/oasisfm935.com.ar\/site\/wp-content\/uploads\/2019\/04\/accidentefoster2-fit-666x444-300x200.jpg 300w\" sizes=\"auto, (max-width: 666px) 100vw, 666px\" \/><\/a><\/p>\n<p>Del resto de las personas dos de ellas, mujeres de 21 y 22 a\u00f1os fueron trasladadas al hospital Gobernador Centeno de General Pico con lesiones para realizar los estudios correspondientes, pero estar\u00edan fuera de peligro.<\/p>\n<p>El conductor del auto, un Fiat Siena, color blanco, habr\u00eda sido demorado por la polic\u00eda. Se presume que los j\u00f3venes sal\u00edan de la localidad de Ingeniero Foster y se dirig\u00edan a una de las localidades vecinas. Por el momento se desconocen las causas del vuelco fatal.<\/p>\n<p><a href=\"http:\/\/oasisfm935.com\/site\/wp-content\/uploads\/2019\/04\/accidentefoster1-fit-666x444.jpg\"><img loading=\"lazy\" decoding=\"async\" class=\"alignnone size-full wp-image-1393\" src=\"http:\/\/oasisfm935.com\/site\/wp-content\/uploads\/2019\/04\/accidentefoster1-fit-666x444.jpg\" alt=\"\" width=\"666\" height=\"444\" srcset=\"https:\/\/oasisfm935.com.ar\/site\/wp-content\/uploads\/2019\/04\/accidentefoster1-fit-666x444.jpg 666w, https:\/\/oasisfm935.com.ar\/site\/wp-content\/uploads\/2019\/04\/accidentefoster1-fit-666x444-300x200.jpg 300w\" sizes=\"auto, (max-width: 666px) 100vw, 666px\" \/><\/a><\/p>\n<p>En el lugar trabaj\u00f3 personal policial de la localidad de Caleuf\u00fa a cargo del comisario, Javier Resch y tambi\u00e9n la Agencia de Investigaci\u00f3n Cient\u00edfica. La fiscal que interviene en el caso es la doctora, Mar\u00eda Emilia Oporto.<\/p>\n<p>&nbsp;<\/p>\n<p>INFO PICO<\/p>\n<div class=\"oasis-despues-del-contenido\" id=\"oasis-4027239672\"><img loading=\"lazy\" decoding=\"async\" src=\"https:\/\/oasisfm935.com.ar\/site\/wp-content\/uploads\/2020\/08\/47806202-8741-49f2-a5c9-d2f930e5baa1.jpg\" alt=\"\"  srcset=\"https:\/\/oasisfm935.com.ar\/site\/wp-content\/uploads\/2020\/08\/47806202-8741-49f2-a5c9-d2f930e5baa1.jpg 1080w, https:\/\/oasisfm935.com.ar\/site\/wp-content\/uploads\/2020\/08\/47806202-8741-49f2-a5c9-d2f930e5baa1-300x300.jpg 300w, https:\/\/oasisfm935.com.ar\/site\/wp-content\/uploads\/2020\/08\/47806202-8741-49f2-a5c9-d2f930e5baa1-1024x1024.jpg 1024w, https:\/\/oasisfm935.com.ar\/site\/wp-content\/uploads\/2020\/08\/47806202-8741-49f2-a5c9-d2f930e5baa1-150x150.jpg 150w, https:\/\/oasisfm935.com.ar\/site\/wp-content\/uploads\/2020\/08\/47806202-8741-49f2-a5c9-d2f930e5baa1-768x768.jpg 768w\" sizes=\"(max-width: 1080px) 100vw, 1080px\" class=\"no-lazyload\" width=\"1080\" height=\"1080\"  style=\"display: inline-block;\" \/><\/div>","protected":false},"excerpt":{"rendered":"<p>El siniestro ocurri\u00f3 en la madrugada de hoy, alrededor de las 03:00 de la ma\u00f1ana. l vuelco sucedi\u00f3 en ruta provincial 4<\/p>\n","protected":false},"author":4,"featured_media":1391,"comment_status":"closed","ping_status":"open","sticky":false,"template":"","format":"standard","meta":{"colormag_page_layout":"default_layout","footnotes":""},"categories":[2],"tags":[],"class_list":["post-1390","post","type-post","status-publish","format-standard","has-post-thumbnail","hentry","category-noticias"],"_links":{"self":[{"href":"https:\/\/oasisfm935.com.ar\/site\/wp-json\/wp\/v2\/posts\/1390","targetHints":{"allow":["GET"]}}],"collection":[{"href":"https:\/\/oasisfm935.com.ar\/site\/wp-json\/wp\/v2\/posts"}],"about":[{"href":"https:\/\/oasisfm935.com.ar\/site\/wp-json\/wp\/v2\/types\/post"}],"author":[{"embeddable":true,"href":"https:\/\/oasisfm935.com.ar\/site\/wp-json\/wp\/v2\/users\/4"}],"replies":[{"embeddable":true,"href":"https:\/\/oasisfm935.com.ar\/site\/wp-json\/wp\/v2\/comments?post=1390"}],"version-history":[{"count":1,"href":"https:\/\/oasisfm935.com.ar\/site\/wp-json\/wp\/v2\/posts\/1390\/revisions"}],"predecessor-version":[{"id":1394,"href":"https:\/\/oasisfm935.com.ar\/site\/wp-json\/wp\/v2\/posts\/1390\/revisions\/1394"}],"wp:featuredmedia":[{"embeddable":true,"href":"https:\/\/oasisfm935.com.ar\/site\/wp-json\/wp\/v2\/media\/1391"}],"wp:attachment":[{"href":"https:\/\/oasisfm935.com.ar\/site\/wp-json\/wp\/v2\/media?parent=1390"}],"wp:term":[{"taxonomy":"category","embeddable":true,"href":"https:\/\/oasisfm935.com.ar\/site\/wp-json\/wp\/v2\/categories?post=1390"},{"taxonomy":"post_tag","embeddable":true,"href":"https:\/\/oasisfm935.com.ar\/site\/wp-json\/wp\/v2\/tags?post=1390"}],"curies":[{"name":"wp","href":"https:\/\/api.w.org\/{rel}","templated":true}]}}