{"id":1415,"date":"2019-04-08T20:52:57","date_gmt":"2019-04-08T23:52:57","guid":{"rendered":"http:\/\/oasisfm935.com\/site\/?p=1415"},"modified":"2019-04-08T20:52:57","modified_gmt":"2019-04-08T23:52:57","slug":"chiesa-pide-que-se-devuelva-algo-al-esfuerzo-del-productor-agropecuario","status":"publish","type":"post","link":"https:\/\/oasisfm935.com.ar\/site\/chiesa-pide-que-se-devuelva-algo-al-esfuerzo-del-productor-agropecuario\/","title":{"rendered":"Chiesa pide que se \u201cdevuelva\u201d algo al \u201cesfuerzo\u201d del productor agropecuario"},"content":{"rendered":"<p>El pampeano Dardo Chiesa, presidente de Confederaciones Rurales Argentinas (CRA), le pidi\u00f3 al Gobierno Nacional otro tipo de respaldo al productor agropecuario y aclar\u00f3 que<strong>\u00a0la liquidaci\u00f3n de divisas no la hace el productor sino el exportador. \u201cLa cuenta a favor del productor es grande, la deuda p\u00fablica enorme<\/strong>\u201d, enfatiz\u00f3.<\/p>\n<p>Bajo el t\u00edtulo \u201cCosecha R\u00e9cord\u201d, Chiesa difundi\u00f3 una carta p\u00fablica en la que resalt\u00f3 que\u00a0<strong>el pa\u00eds se encuentra frente a una \u201cnueva cosecha r\u00e9cord, producto del trabajo y la inversi\u00f3n de miles de productores, a pesar de la sequ\u00eda del a\u00f1o anterior, las altas tasas de inter\u00e9s y la presi\u00f3n impositiva\u201d.<\/strong><\/p>\n<p>\u201c<strong>Fuera de este esquema quedan los productores inundados de los bajos submeridionales (Santa Fe, Chaco, Santiago del Estero, Corrientes) donde se perdi\u00f3 el algod\u00f3n,<\/strong>\u00a0el girasol y las p\u00e9rdidas ganaderas no se han cuantificado todav\u00eda. Las econom\u00edas regionales y la lecher\u00eda tienen otra ecuaci\u00f3n nada virtuosa. No todo el campo es Pampa H\u00fameda\u201d, aclar\u00f3.<\/p>\n<p>\u201cCosecha r\u00e9cord que en el pa\u00eds todo el mundo espera y cuenta. Ac\u00e1 empieza el primer dilema. Hoy la pregunta es cuando el sector comienza a liquidar divisas y\u00a0<strong>lo que debemos decir es que el productor no liquida divisas, lo hace el exportador. El productor vende, pues necesita hacer frente a sus compromisos, que esta vez son mucho m\u00e1s que otras veces ya que tiene cuentas de la cosecha pasada que fue exigua, no tiene financiamiento<\/strong>\u00a0y tiene que hacer frente a la nueva campa\u00f1a, los nuevos impuestos, la rueda no para\u201d, sostuvo el productor pampeano, oriundo de Macach\u00edn.<\/p>\n<p>Y agreg\u00f3: \u201c<strong>El exportador tiene 9 a\u00f1os y medio para liquidar divisas, un spread incomprensible en la situaci\u00f3n en la que el pa\u00eds se encuentra\u201d.<\/strong><\/p>\n<p>\u201cFrente a este panorama,\u00a0<strong>el sector mira la contenci\u00f3n pol\u00edtica con que se le retribuye tanto esfuerzo. Retenciones, presi\u00f3n impositiva elevad\u00edsima, los impuestos provinciales municipales se han ajustado por inflaci\u00f3n cuando los precios se han por lo menos moderado por los impuestos<\/strong>, ya sea por derechos de exportaci\u00f3n o por no permitir el ajuste por inflaci\u00f3n lo que genera ganancias ficticias a la hora de pagar el impuesto\u201d, remarc\u00f3 Chiesa.<\/p>\n<p>\u201c<strong>Nadie est\u00e1 fuera de la crisis que afecta el pa\u00eds, pero hoy el sector hace un llamado a la realidad de lo que necesita para seguir su proceso de crecimiento. No basta con declamar que es el motor de la econom\u00eda<\/strong>. No basta con ganar nuevos mercados, pues s\u00ed que es importante, pero m\u00e1s importante es poder mantener los ritmos crecientes de producci\u00f3n con todos los productores en su campo trabajando para hacerlo. En medio de esta crisis, de la que deber\u00edamos salir todos y fortalecidos, es importante pensar cuales son los sectores que siempre han aportado y considerar que se le ha devuelto para que puedan seguir avanzando\u201d, a\u00f1adi\u00f3.<\/p>\n<p>Y concluy\u00f3: \u201c<strong>La cuenta a favor del productor es grande, la deuda p\u00fablica enorme. Si somos el motor de la econom\u00eda deber\u00edamos pensar en c\u00f3mo se le devuelve algo en infraestructura, conectividad, mitigaci\u00f3n de riesgo<\/strong>, en s\u00edntesis en mejores condiciones de producci\u00f3n\u201d.<\/p>\n<div class=\"oasis-despues-del-contenido\" id=\"oasis-1529143202\"><img loading=\"lazy\" decoding=\"async\" src=\"https:\/\/oasisfm935.com.ar\/site\/wp-content\/uploads\/2020\/08\/47806202-8741-49f2-a5c9-d2f930e5baa1.jpg\" alt=\"\"  srcset=\"https:\/\/oasisfm935.com.ar\/site\/wp-content\/uploads\/2020\/08\/47806202-8741-49f2-a5c9-d2f930e5baa1.jpg 1080w, https:\/\/oasisfm935.com.ar\/site\/wp-content\/uploads\/2020\/08\/47806202-8741-49f2-a5c9-d2f930e5baa1-300x300.jpg 300w, https:\/\/oasisfm935.com.ar\/site\/wp-content\/uploads\/2020\/08\/47806202-8741-49f2-a5c9-d2f930e5baa1-1024x1024.jpg 1024w, https:\/\/oasisfm935.com.ar\/site\/wp-content\/uploads\/2020\/08\/47806202-8741-49f2-a5c9-d2f930e5baa1-150x150.jpg 150w, https:\/\/oasisfm935.com.ar\/site\/wp-content\/uploads\/2020\/08\/47806202-8741-49f2-a5c9-d2f930e5baa1-768x768.jpg 768w\" sizes=\"(max-width: 1080px) 100vw, 1080px\" class=\"no-lazyload\" width=\"1080\" height=\"1080\"  style=\"display: inline-block;\" \/><\/div>","protected":false},"excerpt":{"rendered":"<p>El pampeano Dardo Chiesa, presidente de Confederaciones Rurales Argentinas (CRA), le pidi\u00f3 al Gobierno Nacional otro tipo de respaldo al productor agropecuario<\/p>\n","protected":false},"author":4,"featured_media":1416,"comment_status":"closed","ping_status":"open","sticky":false,"template":"","format":"standard","meta":{"colormag_page_layout":"default_layout","footnotes":""},"categories":[2],"tags":[],"class_list":["post-1415","post","type-post","status-publish","format-standard","has-post-thumbnail","hentry","category-noticias"],"_links":{"self":[{"href":"https:\/\/oasisfm935.com.ar\/site\/wp-json\/wp\/v2\/posts\/1415","targetHints":{"allow":["GET"]}}],"collection":[{"href":"https:\/\/oasisfm935.com.ar\/site\/wp-json\/wp\/v2\/posts"}],"about":[{"href":"https:\/\/oasisfm935.com.ar\/site\/wp-json\/wp\/v2\/types\/post"}],"author":[{"embeddable":true,"href":"https:\/\/oasisfm935.com.ar\/site\/wp-json\/wp\/v2\/users\/4"}],"replies":[{"embeddable":true,"href":"https:\/\/oasisfm935.com.ar\/site\/wp-json\/wp\/v2\/comments?post=1415"}],"version-history":[{"count":1,"href":"https:\/\/oasisfm935.com.ar\/site\/wp-json\/wp\/v2\/posts\/1415\/revisions"}],"predecessor-version":[{"id":1417,"href":"https:\/\/oasisfm935.com.ar\/site\/wp-json\/wp\/v2\/posts\/1415\/revisions\/1417"}],"wp:featuredmedia":[{"embeddable":true,"href":"https:\/\/oasisfm935.com.ar\/site\/wp-json\/wp\/v2\/media\/1416"}],"wp:attachment":[{"href":"https:\/\/oasisfm935.com.ar\/site\/wp-json\/wp\/v2\/media?parent=1415"}],"wp:term":[{"taxonomy":"category","embeddable":true,"href":"https:\/\/oasisfm935.com.ar\/site\/wp-json\/wp\/v2\/categories?post=1415"},{"taxonomy":"post_tag","embeddable":true,"href":"https:\/\/oasisfm935.com.ar\/site\/wp-json\/wp\/v2\/tags?post=1415"}],"curies":[{"name":"wp","href":"https:\/\/api.w.org\/{rel}","templated":true}]}}