{"id":1418,"date":"2019-04-09T14:10:36","date_gmt":"2019-04-09T17:10:36","guid":{"rendered":"http:\/\/oasisfm935.com\/site\/?p=1418"},"modified":"2019-04-09T14:10:36","modified_gmt":"2019-04-09T17:10:36","slug":"lanzamiento-y-capacitacion-plan-pro-vida-invierno-2019","status":"publish","type":"post","link":"https:\/\/oasisfm935.com.ar\/site\/lanzamiento-y-capacitacion-plan-pro-vida-invierno-2019\/","title":{"rendered":"LANZAMIENTO Y CAPACITACI\u00d3N PLAN PRO VIDA INVIERNO 2019"},"content":{"rendered":"<p>La ministra de Desarrollo Social, Fernanda Alonso, dijo que est\u00e1 conforme con la implementaci\u00f3n porque se ejecuta en 80 localidades pampeanas.<\/p>\n<p>Este martes, en el sal\u00f3n de Castelvecchio de Santa Roas, se realiz\u00f3 la presentaci\u00f3n del Plan Pro Vida Invierno 2019, en donde adem\u00e1s se llev\u00f3 a cabo una capacitaci\u00f3n sobre participaci\u00f3n local y articulaci\u00f3n y trabajo en equipo. El Plan Pro Vida cuenta con una inversi\u00f3n del Gobierno provincial de 72 millones de pesos, un 40% m\u00e1s que en 2018 y abarca las distintas localidades pampeanas, llegando a todas las franjas etarias de la comunidad.<\/p>\n<p>El acto fue encabezado por la ministra de Desarrollo Social, Fernanda Alonso, quien estuvo acompa\u00f1ada por los subsecretarios Patricia Lav\u00edn (de Descentralizaci\u00f3n Territorial), Fernando S\u00e1nchez (de Deportes, Recreaci\u00f3n y Turismo Social), Juan Pablo Bonino (de Ni\u00f1ez, Adolescencia y Familia), Pablo Ferrero (de Juventud), la directora de Planificaci\u00f3n y Evaluaci\u00f3n de Pol\u00edticas Sociales, Mar\u00eda Laura Ramborger, intendentes y concejales de la Provincia, dem\u00e1s autoridades del Ministerio de Desarrollo Social y miembros de los equipos t\u00e9cnicos del Plan.<\/p>\n<p><a href=\"http:\/\/oasisfm935.com\/site\/wp-content\/uploads\/2019\/04\/provida.jpg\"><img loading=\"lazy\" decoding=\"async\" class=\"alignnone size-full wp-image-1419\" src=\"http:\/\/oasisfm935.com\/site\/wp-content\/uploads\/2019\/04\/provida.jpg\" alt=\"\" width=\"650\" height=\"430\" srcset=\"https:\/\/oasisfm935.com.ar\/site\/wp-content\/uploads\/2019\/04\/provida.jpg 650w, https:\/\/oasisfm935.com.ar\/site\/wp-content\/uploads\/2019\/04\/provida-300x198.jpg 300w\" sizes=\"auto, (max-width: 650px) 100vw, 650px\" \/><\/a><\/p>\n<p>El Pro Vida tiene por objetivo promover procesos comunitarios en cada localidad pampeana, estimular la participaci\u00f3n de la familia contemplando la integraci\u00f3n de actividades de los subprogramas y fortalecer relaciones de solidaridad entre diferentes grupos sociales.<\/p>\n<p>Previo a la proyecci\u00f3n del video, \u201cPlan Pro Vida, una pol\u00edtica p\u00fablica construida con los municipios y la familia pampeana\u201d, habl\u00f3 la ministra Alonso. \u201cEl Pro Vida tiene una inversi\u00f3n del Gobierno Provincial de 72 millones de pesos para atender los 12 programas que componen el Plan. Realmente estamos muy conformes con su implementaci\u00f3n porque llega a ejecutarse en las 80 localidades de la provincia de La Pampa\u201d, coment\u00f3.<br \/>\n<a href=\"http:\/\/oasisfm935.com\/site\/wp-content\/uploads\/2019\/04\/56515079_2297951357134420_516183635083132928_o.jpg\"><img loading=\"lazy\" decoding=\"async\" class=\"alignnone size-full wp-image-1421\" src=\"http:\/\/oasisfm935.com\/site\/wp-content\/uploads\/2019\/04\/56515079_2297951357134420_516183635083132928_o.jpg\" alt=\"\" width=\"1244\" height=\"805\" srcset=\"https:\/\/oasisfm935.com.ar\/site\/wp-content\/uploads\/2019\/04\/56515079_2297951357134420_516183635083132928_o.jpg 1244w, https:\/\/oasisfm935.com.ar\/site\/wp-content\/uploads\/2019\/04\/56515079_2297951357134420_516183635083132928_o-300x194.jpg 300w, https:\/\/oasisfm935.com.ar\/site\/wp-content\/uploads\/2019\/04\/56515079_2297951357134420_516183635083132928_o-768x497.jpg 768w, https:\/\/oasisfm935.com.ar\/site\/wp-content\/uploads\/2019\/04\/56515079_2297951357134420_516183635083132928_o-1024x663.jpg 1024w\" sizes=\"auto, (max-width: 1244px) 100vw, 1244px\" \/><\/a><br \/>\nEn cuanto a la presentaci\u00f3n y capacitaci\u00f3n, la funcionaria explic\u00f3 que se brinda la informaci\u00f3n para trabajar los ejes transversales, \u201cdonde se profundizan los que tienen que ver con inclusi\u00f3n de personas con discapacidad, el buen trato y la diversidad\u201d.<\/p>\n<p>Tambi\u00e9n se tiene muy en cuenta la pol\u00edtica alimentaria, \u201cdentro de ese monto hay aportes que est\u00e1n directamente asignados al Programa Nutrir, que atiende la raci\u00f3n alimentaria para los chicos\u201d, continu\u00f3.<\/p>\n<p>Alonso destac\u00f3 la decisi\u00f3n pol\u00edtica del gobernador Carlos Verna de garantizar, a trav\u00e9s de un refuerzo econ\u00f3mico, la ejecuci\u00f3n del Plan. \u201cEl Ministerio de Hacienda trabaj\u00f3 fuertemente para garantizar los recursos a nuestro Ministerio, que es quien descentraliza, pero es una fuerte decisi\u00f3n del Gobierno provincial ponderar y financiar este Plan que requiere una inversi\u00f3n importante\u201d, concluy\u00f3.<\/p>\n<div class=\"oasis-despues-del-contenido\" id=\"oasis-3966503237\"><img loading=\"lazy\" decoding=\"async\" src=\"https:\/\/oasisfm935.com.ar\/site\/wp-content\/uploads\/2020\/08\/47806202-8741-49f2-a5c9-d2f930e5baa1.jpg\" alt=\"\"  srcset=\"https:\/\/oasisfm935.com.ar\/site\/wp-content\/uploads\/2020\/08\/47806202-8741-49f2-a5c9-d2f930e5baa1.jpg 1080w, https:\/\/oasisfm935.com.ar\/site\/wp-content\/uploads\/2020\/08\/47806202-8741-49f2-a5c9-d2f930e5baa1-300x300.jpg 300w, https:\/\/oasisfm935.com.ar\/site\/wp-content\/uploads\/2020\/08\/47806202-8741-49f2-a5c9-d2f930e5baa1-1024x1024.jpg 1024w, https:\/\/oasisfm935.com.ar\/site\/wp-content\/uploads\/2020\/08\/47806202-8741-49f2-a5c9-d2f930e5baa1-150x150.jpg 150w, https:\/\/oasisfm935.com.ar\/site\/wp-content\/uploads\/2020\/08\/47806202-8741-49f2-a5c9-d2f930e5baa1-768x768.jpg 768w\" sizes=\"(max-width: 1080px) 100vw, 1080px\" class=\"no-lazyload\" width=\"1080\" height=\"1080\"  style=\"display: inline-block;\" \/><\/div>","protected":false},"excerpt":{"rendered":"<p>La ministra de Desarrollo Social, Fernanda Alonso, dijo que est\u00e1 conforme con la implementaci\u00f3n porque se ejecuta en 80 localidades pampeanas. Este<\/p>\n","protected":false},"author":4,"featured_media":1420,"comment_status":"closed","ping_status":"open","sticky":false,"template":"","format":"standard","meta":{"colormag_page_layout":"default_layout","footnotes":""},"categories":[2],"tags":[],"class_list":["post-1418","post","type-post","status-publish","format-standard","has-post-thumbnail","hentry","category-noticias"],"_links":{"self":[{"href":"https:\/\/oasisfm935.com.ar\/site\/wp-json\/wp\/v2\/posts\/1418","targetHints":{"allow":["GET"]}}],"collection":[{"href":"https:\/\/oasisfm935.com.ar\/site\/wp-json\/wp\/v2\/posts"}],"about":[{"href":"https:\/\/oasisfm935.com.ar\/site\/wp-json\/wp\/v2\/types\/post"}],"author":[{"embeddable":true,"href":"https:\/\/oasisfm935.com.ar\/site\/wp-json\/wp\/v2\/users\/4"}],"replies":[{"embeddable":true,"href":"https:\/\/oasisfm935.com.ar\/site\/wp-json\/wp\/v2\/comments?post=1418"}],"version-history":[{"count":1,"href":"https:\/\/oasisfm935.com.ar\/site\/wp-json\/wp\/v2\/posts\/1418\/revisions"}],"predecessor-version":[{"id":1422,"href":"https:\/\/oasisfm935.com.ar\/site\/wp-json\/wp\/v2\/posts\/1418\/revisions\/1422"}],"wp:featuredmedia":[{"embeddable":true,"href":"https:\/\/oasisfm935.com.ar\/site\/wp-json\/wp\/v2\/media\/1420"}],"wp:attachment":[{"href":"https:\/\/oasisfm935.com.ar\/site\/wp-json\/wp\/v2\/media?parent=1418"}],"wp:term":[{"taxonomy":"category","embeddable":true,"href":"https:\/\/oasisfm935.com.ar\/site\/wp-json\/wp\/v2\/categories?post=1418"},{"taxonomy":"post_tag","embeddable":true,"href":"https:\/\/oasisfm935.com.ar\/site\/wp-json\/wp\/v2\/tags?post=1418"}],"curies":[{"name":"wp","href":"https:\/\/api.w.org\/{rel}","templated":true}]}}