{"id":1423,"date":"2019-04-09T19:59:50","date_gmt":"2019-04-09T22:59:50","guid":{"rendered":"http:\/\/oasisfm935.com\/site\/?p=1423"},"modified":"2019-04-09T19:59:50","modified_gmt":"2019-04-09T22:59:50","slug":"kroneberger-y-maquieyra-tienen-mas-aspiraciones-que-verguenza","status":"publish","type":"post","link":"https:\/\/oasisfm935.com.ar\/site\/kroneberger-y-maquieyra-tienen-mas-aspiraciones-que-verguenza\/","title":{"rendered":"\u00abKroneberger y Maquieyra tienen m\u00e1s aspiraciones que verg\u00fcenza\u00bb"},"content":{"rendered":"<p>El subsecretario de Medios, Jos\u00e9 P\u00e9rez arremeti\u00f3 contra el candidato a gobernador de Cambiemos, Daniel Kroneberger y el candidato a intendente del mismo espacio, Mart\u00edn Maquieyra.<\/p>\n<p>\u00abEn estos momentos preelectorales es cuando uno debe empezar a medir la responsabilidad. Es tan burdo escuchar a los candidatos de la oposici\u00f3n que lo que m\u00e1s indigna es que se burlen de la sociedad sin ning\u00fan escr\u00fapulo\u00bb, asegur\u00f3 P\u00e9rez.<\/p>\n<p>Dijo que \u00abdos de los candidatos en la Provincia hoy son diputados nacionales, y no solo representan una verg\u00fcenza por su labor legislativa, sino que obedecen sin reparos a los intereses del poder central, que ha despreciado a los pampeanos cada vez que tuvo la oportunidad de hacerlo\u00bb.<\/p>\n<p>\u00abHubo muchos aventureros que dec\u00edan que el problema es que La Pampa no recib\u00eda los favores de Macri porque el gobernador Verna no flexibilizaba su relaci\u00f3n con \u00e9l. Menos mal que no lo hizo, porque gracias a eso es que nuestra provincia sigue en pie\u00bb, asegur\u00f3.<\/p>\n<p>Sobre Kroneberger y Maquieyra, el funcionario provincial dijo: \u00abque los candidatos de Cambiemos sean diputados nacionales es toda una iron\u00eda. Los principales c\u00f3mplices, los m\u00e1s visibles, de entregar el bienestar de los argentinos y de despreciar los derechos de la sociedad toda, hoy se presentan en La Pampa como candidatos a gobernador y a intendente de una de las principales ciudades de la Provincia. Es evidente que tienen muchas aspiraciones y poca verg\u00fcenza\u00bb.<\/p>\n<p>\u00abPara saber c\u00f3mo va a actuar en el futuro un dirigente pol\u00edtico hay que ver qu\u00e9 hace, no alcanza con escuchar lo que dice. De nada sirven las promesas si despu\u00e9s son c\u00f3mplices de la sumisi\u00f3n y la miseria. Las decisiones del Ejecutivo Nacional ya no son coyunturales, son desesperadas; y el ejemplo de lo que hay que hacer est\u00e1 en resistirlas, no en avalarlas. Es evidente que nuestro gobernador vio esto mucho antes de que pasara. Kroneberger y Maquieyra son c\u00f3mplices incondicionales de este Gobierno Nacional decadente y, como delegados suyos, pretenden importar ese modelo a La Pampa, a\u00fan despu\u00e9s del rotundo fracaso\u00bb, complet\u00f3.<\/p>\n<div class=\"oasis-despues-del-contenido\" id=\"oasis-544945771\"><img loading=\"lazy\" decoding=\"async\" src=\"https:\/\/oasisfm935.com.ar\/site\/wp-content\/uploads\/2020\/08\/47806202-8741-49f2-a5c9-d2f930e5baa1.jpg\" alt=\"\"  srcset=\"https:\/\/oasisfm935.com.ar\/site\/wp-content\/uploads\/2020\/08\/47806202-8741-49f2-a5c9-d2f930e5baa1.jpg 1080w, https:\/\/oasisfm935.com.ar\/site\/wp-content\/uploads\/2020\/08\/47806202-8741-49f2-a5c9-d2f930e5baa1-300x300.jpg 300w, https:\/\/oasisfm935.com.ar\/site\/wp-content\/uploads\/2020\/08\/47806202-8741-49f2-a5c9-d2f930e5baa1-1024x1024.jpg 1024w, https:\/\/oasisfm935.com.ar\/site\/wp-content\/uploads\/2020\/08\/47806202-8741-49f2-a5c9-d2f930e5baa1-150x150.jpg 150w, https:\/\/oasisfm935.com.ar\/site\/wp-content\/uploads\/2020\/08\/47806202-8741-49f2-a5c9-d2f930e5baa1-768x768.jpg 768w\" sizes=\"(max-width: 1080px) 100vw, 1080px\" class=\"no-lazyload\" width=\"1080\" height=\"1080\"  style=\"display: inline-block;\" \/><\/div>","protected":false},"excerpt":{"rendered":"<p>El subsecretario de Medios, Jos\u00e9 P\u00e9rez arremeti\u00f3 contra el candidato a gobernador de Cambiemos, Daniel Kroneberger y el candidato a intendente del<\/p>\n","protected":false},"author":4,"featured_media":1424,"comment_status":"closed","ping_status":"open","sticky":false,"template":"","format":"standard","meta":{"colormag_page_layout":"default_layout","footnotes":""},"categories":[2],"tags":[],"class_list":["post-1423","post","type-post","status-publish","format-standard","has-post-thumbnail","hentry","category-noticias"],"_links":{"self":[{"href":"https:\/\/oasisfm935.com.ar\/site\/wp-json\/wp\/v2\/posts\/1423","targetHints":{"allow":["GET"]}}],"collection":[{"href":"https:\/\/oasisfm935.com.ar\/site\/wp-json\/wp\/v2\/posts"}],"about":[{"href":"https:\/\/oasisfm935.com.ar\/site\/wp-json\/wp\/v2\/types\/post"}],"author":[{"embeddable":true,"href":"https:\/\/oasisfm935.com.ar\/site\/wp-json\/wp\/v2\/users\/4"}],"replies":[{"embeddable":true,"href":"https:\/\/oasisfm935.com.ar\/site\/wp-json\/wp\/v2\/comments?post=1423"}],"version-history":[{"count":1,"href":"https:\/\/oasisfm935.com.ar\/site\/wp-json\/wp\/v2\/posts\/1423\/revisions"}],"predecessor-version":[{"id":1425,"href":"https:\/\/oasisfm935.com.ar\/site\/wp-json\/wp\/v2\/posts\/1423\/revisions\/1425"}],"wp:featuredmedia":[{"embeddable":true,"href":"https:\/\/oasisfm935.com.ar\/site\/wp-json\/wp\/v2\/media\/1424"}],"wp:attachment":[{"href":"https:\/\/oasisfm935.com.ar\/site\/wp-json\/wp\/v2\/media?parent=1423"}],"wp:term":[{"taxonomy":"category","embeddable":true,"href":"https:\/\/oasisfm935.com.ar\/site\/wp-json\/wp\/v2\/categories?post=1423"},{"taxonomy":"post_tag","embeddable":true,"href":"https:\/\/oasisfm935.com.ar\/site\/wp-json\/wp\/v2\/tags?post=1423"}],"curies":[{"name":"wp","href":"https:\/\/api.w.org\/{rel}","templated":true}]}}