{"id":1428,"date":"2019-04-10T19:30:22","date_gmt":"2019-04-10T22:30:22","guid":{"rendered":"http:\/\/oasisfm935.com\/site\/?p=1428"},"modified":"2019-04-10T19:37:53","modified_gmt":"2019-04-10T22:37:53","slug":"kroneberger-junto-a-soledad-mir-en-luiggi-apostamos-a-generar-empleo-privado","status":"publish","type":"post","link":"https:\/\/oasisfm935.com.ar\/site\/kroneberger-junto-a-soledad-mir-en-luiggi-apostamos-a-generar-empleo-privado\/","title":{"rendered":"Kroneberger junto a Soledad Mir en Luiggi: \u201capostamos a generar empleo privado"},"content":{"rendered":"<p>&nbsp;<\/p>\n<div class=\"itemIntroText\">\n<p><strong>El candidato a gobernador por el Frente Cambiemos UCR Daniel Kroneberger pas\u00f3 por Ingeniero Luiggi donde se reuni\u00f3 con la candidata a intendenta Soledad Mir y dem\u00e1s referentes locales.<\/strong><\/p>\n<\/div>\n<div class=\"itemFullText\">\n<blockquote><p>Kroneberger se\u00f1al\u00f3 que a partir del adelantamiento de las elecciones en La Pampa \u00abcomenzamos a trabajar ya pensando en las elecciones del 19 de mayo, porque pensamos que hay un modelo de provincia que se termin\u00f3, se agot\u00f3\u00bb.<\/p><\/blockquote>\n<p><strong>\u201cReconocecmos que en la provincia se han realizado cosas importantes como haber llegado con los servicios esenciales a cada una de las localidades pero hoy hay indicadores que dan cuenta que con este modelo es casi imposible contener a las nuevas generaciones en sus lugares de origen porque no tienen ning\u00fan futuro\u201d,<\/strong>\u00a0expres\u00f3 el candidato a gobernador.<strong><br \/>\n<\/strong><\/p>\n<blockquote><p>Kroneberger coment\u00f3 que La Pampa no ha crecido demogr\u00e1ficamente,\u00a0<strong>\u00aben los \u00faltimos diez a\u00f1os creci\u00f3 s\u00f3lo el 2,5 por ciento el empleo privado y casi el 40 por ciento el empleo p\u00fablico y m\u00e1s del 70 por ciento del presupuesto se va en gasto p\u00fablico\u00bb.<\/strong><\/p>\n<p>\u201cTodo esto hace que el Estado se quede sin ning\u00fan tipo de herramientas para poder potenciar otro tipo de gesti\u00f3n, en base a la producci\u00f3n y el trabajo que es lo que estamos proponiendo\u201d.<\/p><\/blockquote>\n<p>En este sentido plante\u00f3 que hay que empezar a \u201c<strong>hacer los deberes y adecuar al Estado provincial, nosotros no queremos echar gente sino dotar al empleado estatal para que pueda ser expeditivo. A modo de ejemplo hoy si se quiere radicar una industria en Santa Rosa tienen que estar un a\u00f1o haciendo tr\u00e1mites\u201d,<\/strong>\u00a0expres\u00f3.<strong><br \/>\n<\/strong><\/p>\n<p><a href=\"http:\/\/oasisfm935.com\/site\/wp-content\/uploads\/2019\/04\/IMG_20190410_124729.jpg\"><img loading=\"lazy\" decoding=\"async\" class=\"alignnone size-full wp-image-1432\" src=\"http:\/\/oasisfm935.com\/site\/wp-content\/uploads\/2019\/04\/IMG_20190410_124729.jpg\" alt=\"\" width=\"4096\" height=\"2048\" srcset=\"https:\/\/oasisfm935.com.ar\/site\/wp-content\/uploads\/2019\/04\/IMG_20190410_124729.jpg 4096w, https:\/\/oasisfm935.com.ar\/site\/wp-content\/uploads\/2019\/04\/IMG_20190410_124729-300x150.jpg 300w, https:\/\/oasisfm935.com.ar\/site\/wp-content\/uploads\/2019\/04\/IMG_20190410_124729-768x384.jpg 768w, https:\/\/oasisfm935.com.ar\/site\/wp-content\/uploads\/2019\/04\/IMG_20190410_124729-1024x512.jpg 1024w\" sizes=\"auto, (max-width: 4096px) 100vw, 4096px\" \/><\/a><\/p>\n<p><strong>\u201cEstamos planteando un proyecto de gesti\u00f3n a largo plazo y no seguir con estos modelos que son de coyuntura que es lo que hizo el justicialismo del 83 hasta la fecha y el resultado est\u00e1 a la vista\u201d<\/strong>, remarc\u00f3.<\/p>\n<hr \/>\n<p><strong>\u00abEmpleo genuino\u00bb<\/strong><\/p>\n<blockquote><p>Por su parte la<strong>\u00a0candidata a intendenta Soledad Mir<\/strong>\u00a0expres\u00f3 que \u201c<strong>si algo nos permiti\u00f3 la interna, fue tener un relevamietno de la realidad de la localdaid, hace dos meses que venimos\u00a0 recorriendo las calles y dialogando con la gente\u201d.<\/strong><\/p>\n<p>\u201cEl reclamo m\u00e1s importante de la gente es la falta de trabajo, la cuesti\u00f3n del empleo privado es lo que m\u00e1s falta hace, en especial falta empleo para los j\u00f3venes y madres solteras que tienen muchas dificultades para encontrar un empleo genuino\u201d.<\/p><\/blockquote>\n<p><strong>\u201cVemos que el Estado municipal es el principal empleador, unas o dos \u00a0empresas privadas, la Cooperativa El\u00e9ctrica y ah\u00ed se termina todo. Esto hace que los j\u00f3venes se vayan de la localidad y que quienes se van a estudiar no tengan la posibilidad de volver<\/strong>\u201d, expres\u00f3 Mir.<\/p>\n<blockquote><p>\u00abEn el tema de salud tambi\u00e9n hay\u00a0<strong>un reclamo\u00a0 por una mayor oferta de m\u00e9dicos<\/strong>, hoy por ejemplo no hay para hacer ecograf\u00edas\u00bb, destac\u00f3.<\/p><\/blockquote>\n<p>En relaci\u00f3n a los j\u00f3venes, \u00abhay mucha preocupaci\u00f3n en la poblaci\u00f3n por el tema de las adicciones\u00bb, expres\u00f3 Mir.<\/p>\n<p>La candidata por el Frente Cambiemos UCR expres\u00f3<strong>\u201cestamos ya cerrando los puntos de nuestra plataforma que tiene por objetivo central mejorarle la calidad de vida a la gente\u201d<\/strong>.<\/p>\n<p><a href=\"http:\/\/oasisfm935.com\/site\/wp-content\/uploads\/2019\/04\/IMG_20190410_124808.jpg\"><img loading=\"lazy\" decoding=\"async\" class=\"alignnone size-full wp-image-1434\" src=\"http:\/\/oasisfm935.com\/site\/wp-content\/uploads\/2019\/04\/IMG_20190410_124808.jpg\" alt=\"\" width=\"4096\" height=\"2048\" srcset=\"https:\/\/oasisfm935.com.ar\/site\/wp-content\/uploads\/2019\/04\/IMG_20190410_124808.jpg 4096w, https:\/\/oasisfm935.com.ar\/site\/wp-content\/uploads\/2019\/04\/IMG_20190410_124808-300x150.jpg 300w, https:\/\/oasisfm935.com.ar\/site\/wp-content\/uploads\/2019\/04\/IMG_20190410_124808-768x384.jpg 768w, https:\/\/oasisfm935.com.ar\/site\/wp-content\/uploads\/2019\/04\/IMG_20190410_124808-1024x512.jpg 1024w\" sizes=\"auto, (max-width: 4096px) 100vw, 4096px\" \/><\/a><\/p>\n<hr \/>\n<p><strong>Obra de los Daneses<\/strong><\/p>\n<blockquote><p>Consultado sobre los excesos h\u00eddricos en la zona norte de la provincia, plante\u00f3 que \u201c<strong>hay que avanzar con el proyecto de los Daneses, ese proyecto va a morigerar mucho la situaci\u00f3n, pero antes de avanzar aguas arriba con la obra de Ojeda, Falucho, El Descanso, lo primero que hay que hacer es entablar relaciones con la provincia de Buenos Aires porque tenemos que solucionar lo que es Quem\u00fa Quem\u00fa, el Meridiano V\u201d.<\/strong><\/p><\/blockquote>\n<p>\u201cPorque si nosotros trasladamos el agua del norte hacia la localidad de Quem\u00fa Quem\u00fa en su totalidad y sin ning\u00fan tipo de manejo, es probable que traslademos todo el problema del norte de la provincia a esta localidad y tambi\u00e9n a la zona de Agustoni\u201d, expres\u00f3.<\/p>\n<blockquote><p><strong>\u201cDe ah\u00ed que tenemos que consensuar con provincia de Buenos Aires para que el agua siga y llegue al curso del Salado, para lo que habr\u00e1 que hacer obras\u201d<\/strong>, expres\u00f3.<\/p><\/blockquote>\n<p>Por \u00fatimo Kroneberger coment\u00f3 \u201c<strong>hoy Ingeniero Luiggi est\u00e1 viendo la alternancia como la est\u00e1 mirando la provincia de La Pampa,\u00a0 la alternancia es necesaria, y no me caben dudas que Soledad va a ser la nueva intendenta de la localidad. S\u00e9 que va a pedir mucho para su pueblo\u201d,<\/strong>\u00a0concluy\u00f3.<\/p>\n<p><strong>\u00a0\u00a0\u00a0\u00a0 COBERTURA FM OASIS ING. LUIGGI- REDACCION ZONAL NOTICIAS<\/strong><\/p>\n<\/div>\n<div class=\"oasis-despues-del-contenido\" id=\"oasis-3105222151\"><img loading=\"lazy\" decoding=\"async\" src=\"https:\/\/oasisfm935.com.ar\/site\/wp-content\/uploads\/2020\/08\/47806202-8741-49f2-a5c9-d2f930e5baa1.jpg\" alt=\"\"  srcset=\"https:\/\/oasisfm935.com.ar\/site\/wp-content\/uploads\/2020\/08\/47806202-8741-49f2-a5c9-d2f930e5baa1.jpg 1080w, https:\/\/oasisfm935.com.ar\/site\/wp-content\/uploads\/2020\/08\/47806202-8741-49f2-a5c9-d2f930e5baa1-300x300.jpg 300w, https:\/\/oasisfm935.com.ar\/site\/wp-content\/uploads\/2020\/08\/47806202-8741-49f2-a5c9-d2f930e5baa1-1024x1024.jpg 1024w, https:\/\/oasisfm935.com.ar\/site\/wp-content\/uploads\/2020\/08\/47806202-8741-49f2-a5c9-d2f930e5baa1-150x150.jpg 150w, https:\/\/oasisfm935.com.ar\/site\/wp-content\/uploads\/2020\/08\/47806202-8741-49f2-a5c9-d2f930e5baa1-768x768.jpg 768w\" sizes=\"(max-width: 1080px) 100vw, 1080px\" class=\"no-lazyload\" width=\"1080\" height=\"1080\"  style=\"display: inline-block;\" \/><\/div>","protected":false},"excerpt":{"rendered":"<p>&nbsp; El candidato a gobernador por el Frente Cambiemos UCR Daniel Kroneberger pas\u00f3 por Ingeniero Luiggi donde se reuni\u00f3 con la candidata<\/p>\n","protected":false},"author":4,"featured_media":1429,"comment_status":"closed","ping_status":"open","sticky":false,"template":"","format":"standard","meta":{"colormag_page_layout":"default_layout","footnotes":""},"categories":[2],"tags":[],"class_list":["post-1428","post","type-post","status-publish","format-standard","has-post-thumbnail","hentry","category-noticias"],"_links":{"self":[{"href":"https:\/\/oasisfm935.com.ar\/site\/wp-json\/wp\/v2\/posts\/1428","targetHints":{"allow":["GET"]}}],"collection":[{"href":"https:\/\/oasisfm935.com.ar\/site\/wp-json\/wp\/v2\/posts"}],"about":[{"href":"https:\/\/oasisfm935.com.ar\/site\/wp-json\/wp\/v2\/types\/post"}],"author":[{"embeddable":true,"href":"https:\/\/oasisfm935.com.ar\/site\/wp-json\/wp\/v2\/users\/4"}],"replies":[{"embeddable":true,"href":"https:\/\/oasisfm935.com.ar\/site\/wp-json\/wp\/v2\/comments?post=1428"}],"version-history":[{"count":2,"href":"https:\/\/oasisfm935.com.ar\/site\/wp-json\/wp\/v2\/posts\/1428\/revisions"}],"predecessor-version":[{"id":1435,"href":"https:\/\/oasisfm935.com.ar\/site\/wp-json\/wp\/v2\/posts\/1428\/revisions\/1435"}],"wp:featuredmedia":[{"embeddable":true,"href":"https:\/\/oasisfm935.com.ar\/site\/wp-json\/wp\/v2\/media\/1429"}],"wp:attachment":[{"href":"https:\/\/oasisfm935.com.ar\/site\/wp-json\/wp\/v2\/media?parent=1428"}],"wp:term":[{"taxonomy":"category","embeddable":true,"href":"https:\/\/oasisfm935.com.ar\/site\/wp-json\/wp\/v2\/categories?post=1428"},{"taxonomy":"post_tag","embeddable":true,"href":"https:\/\/oasisfm935.com.ar\/site\/wp-json\/wp\/v2\/tags?post=1428"}],"curies":[{"name":"wp","href":"https:\/\/api.w.org\/{rel}","templated":true}]}}