{"id":1437,"date":"2019-04-11T08:22:00","date_gmt":"2019-04-11T11:22:00","guid":{"rendered":"http:\/\/oasisfm935.com\/site\/?p=1437"},"modified":"2019-04-11T08:22:00","modified_gmt":"2019-04-11T11:22:00","slug":"el-verso-de-pena-en-la-pampa-estamos-haciendo-55-obras-por-5-mil-millones","status":"publish","type":"post","link":"https:\/\/oasisfm935.com.ar\/site\/el-verso-de-pena-en-la-pampa-estamos-haciendo-55-obras-por-5-mil-millones\/","title":{"rendered":"El verso de Pe\u00f1a: \u201cEn La Pampa estamos haciendo 55 obras por $5 mil millones\u201d"},"content":{"rendered":"<p><strong>Marcos Pe\u00f1a<\/strong>, el jefe de Gabinete de Naci\u00f3n, se present\u00f3 en la C\u00e1mara de Diputados para brindar, en una sesi\u00f3n especial, su primer informe del a\u00f1o, el n\u00famero 28 de su gesti\u00f3n, sobre la marcha del Gobierno.<strong>\u00a0Cuando se refiri\u00f3 a La Pampa dio datos que dejaron perplejos a los pampeanos: dijo que est\u00e1n en ejecuci\u00f3n 55 obras por 5 mil millones de pesos.<\/strong><\/p>\n<div id=\"fb-root\"><\/div>\n<p><script async=\"1\" defer=\"1\" crossorigin=\"anonymous\" src=\"https:\/\/connect.facebook.net\/es_LA\/sdk.js#xfbml=1&amp;version=v7.0\"><\/script><\/p>\n<div class=\"fb-video\" data-href=\"https:\/\/www.facebook.com\/eltextual\/videos\/1010770279310504\/?t=0\" data-width=\"800\">\n<blockquote cite=\"https:\/\/www.facebook.com\/eltextual\/videos\/1010770279310504\/\" class=\"fb-xfbml-parse-ignore\"><p><a href=\"https:\/\/www.facebook.com\/eltextual\/videos\/1010770279310504\/\">El verso de Pe\u00f1a sobre La Pampa: dijo que est\u00e1n haciendo 55 obras por 5 mil millones<\/a><\/p>\n<p>Marcos Pe\u00f1a, el jefe de Gabinete de Naci\u00f3n, se present\u00f3 en la C\u00e1mara de Diputados para brindar, en una sesi\u00f3n especial, su primer informe del a\u00f1o, el n\u00famero 28 de su gesti\u00f3n, sobre la marcha del Gobierno. Cuando se refiri\u00f3 a La Pampa dio datos que dejaron perplejos a los pampeanos: dijo que est\u00e1n en ejecuci\u00f3n 55 obras por 5 mil millones de pesos. M\u00e1s info: https:\/\/bit.ly\/2P588hR<\/p>\n<p>Publicado por <a href=\"https:\/\/www.facebook.com\/eltextual\/\">Diario Textual<\/a> en Mi\u00e9rcoles, 10 de abril de 2019<\/p><\/blockquote>\n<\/div>\n<p>El funcionario defendi\u00f3 la posici\u00f3n de la Casa Rosada con La Pampa. Dijo que\u00a0<strong>\u201cno hay una relaci\u00f3n fluida\u201d y, en ese marco, cuestion\u00f3 que nuestra provincia no hubiera firmado el Pacto Fiscal<\/strong>. \u00bfPor qu\u00e9 no se firm\u00f3 ese pacto? Porque Naci\u00f3n no quiso hacerse cargo de cubrir el d\u00e9ficit de las cajas previsionales, como estaba contemplado desde hace a\u00f1os. Incluso se niega a acatar el fallo de la Corte Suprema de Justicia de la Naci\u00f3n, que orden\u00f3 el pago de una suma multimillonaria por malos descuentos del \u00edndice coparticipable.<\/p>\n<p>La Pampa se ha quejado, adem\u00e1s, porque Casa Rosada<strong>\u00a0cort\u00f3 las grandes obras en la provincia, como las mil casas que, de promedio, ven\u00eda financiando cada a\u00f1o<\/strong>. As\u00ed, ahora ya directamente el Gobierno nacional no pone un peso para realizar casas.\u00a0<strong>Tampoco ha podido concluir, luego de dos a\u00f1os de las inundaciones, los principales alteos en las rutas nacionales<\/strong>. Incluso<strong>\u00a0una de las principales promesas de campa\u00f1a de Mauricio Macri quedaron truncas: los jardines de infantes ahora deber\u00e1n hacerse por administraci\u00f3n por la Provincia<\/strong>. \u201cTerminamos nueve obras educativas y estamos en ejecuci\u00f3n de otras once\u201d, sostuvo el funcionario nacional frente a los legisladores.<\/p>\n<p>Pe\u00f1a, pese a que ya no se hacen grandes obras en La Pampa con financiamiento nacional, dijo que\u00a0<strong>Casa Rosada no discrimina<\/strong>\u00a0a La Pampa.<strong>\u00a0\u201cPese a esta relaci\u00f3n no fluida, a\u00fan as\u00ed, eso no nos impidi\u00f3 terminar con 77 obras por casi 500 millones de pesos y otras 55 obras por m\u00e1s de 5.000 millones de pesos que est\u00e1n en ejecuci\u00f3n\u201d<\/strong>, sostuvo.<\/p>\n<p>Adem\u00e1s, dijo que<strong>\u00a0el Gobierno de Carlos Verna \u201crecibi\u00f3 m\u00e1s dinero por coparticipaci\u00f3n de lo que recib\u00eda antes\u201d de 2015<\/strong>. \u201cEso ayuda a explicar la mejora de sus cuentas p\u00fablicas\u201d, lanz\u00f3. Lo cierto es que, si bien aument\u00f3, tambi\u00e9n es cierto que la inflaci\u00f3n super\u00f3 esos n\u00fameros.<\/p>\n<p>Dio otro dato que parece no corresponderse con la realidad.\u00a0<strong>\u201cYa terminamos 209 kil\u00f3metros de rutas y hay otros 517 kil\u00f3metros en ejecuci\u00f3n, por un total que supera los 3 mil millones de pesos. Por ejemplo, la repavimentaci\u00f3n de 124 kil\u00f3metros de la ruta nacional 35\u201d, dijo.<\/strong><\/p>\n<p>Tambi\u00e9n se refiri\u00f3 a la inauguraci\u00f3n de un emprendimiento privado: el parque e\u00f3lico La Banderita, al oeste de Acha. \u201c<strong>Finalizamos el parque La Banderita. Se est\u00e1 generando ya all\u00ed energ\u00eda para miles de hogares\u201d, dijo, al atribuirse una inversi\u00f3n p\u00fablica cuando, en rigor, es privada<\/strong>.<\/p>\n<p>&nbsp;<\/p>\n<p>fuente : Diario Textual<\/p>\n<div class=\"oasis-despues-del-contenido\" id=\"oasis-2168080067\"><img loading=\"lazy\" decoding=\"async\" src=\"https:\/\/oasisfm935.com.ar\/site\/wp-content\/uploads\/2020\/08\/47806202-8741-49f2-a5c9-d2f930e5baa1.jpg\" alt=\"\"  srcset=\"https:\/\/oasisfm935.com.ar\/site\/wp-content\/uploads\/2020\/08\/47806202-8741-49f2-a5c9-d2f930e5baa1.jpg 1080w, https:\/\/oasisfm935.com.ar\/site\/wp-content\/uploads\/2020\/08\/47806202-8741-49f2-a5c9-d2f930e5baa1-300x300.jpg 300w, https:\/\/oasisfm935.com.ar\/site\/wp-content\/uploads\/2020\/08\/47806202-8741-49f2-a5c9-d2f930e5baa1-1024x1024.jpg 1024w, https:\/\/oasisfm935.com.ar\/site\/wp-content\/uploads\/2020\/08\/47806202-8741-49f2-a5c9-d2f930e5baa1-150x150.jpg 150w, https:\/\/oasisfm935.com.ar\/site\/wp-content\/uploads\/2020\/08\/47806202-8741-49f2-a5c9-d2f930e5baa1-768x768.jpg 768w\" sizes=\"(max-width: 1080px) 100vw, 1080px\" class=\"no-lazyload\" width=\"1080\" height=\"1080\"  style=\"display: inline-block;\" \/><\/div>","protected":false},"excerpt":{"rendered":"<p>Marcos Pe\u00f1a, el jefe de Gabinete de Naci\u00f3n, se present\u00f3 en la C\u00e1mara de Diputados para brindar, en una sesi\u00f3n especial, su<\/p>\n","protected":false},"author":4,"featured_media":1439,"comment_status":"closed","ping_status":"open","sticky":false,"template":"","format":"standard","meta":{"colormag_page_layout":"default_layout","footnotes":""},"categories":[2],"tags":[],"class_list":["post-1437","post","type-post","status-publish","format-standard","has-post-thumbnail","hentry","category-noticias"],"_links":{"self":[{"href":"https:\/\/oasisfm935.com.ar\/site\/wp-json\/wp\/v2\/posts\/1437","targetHints":{"allow":["GET"]}}],"collection":[{"href":"https:\/\/oasisfm935.com.ar\/site\/wp-json\/wp\/v2\/posts"}],"about":[{"href":"https:\/\/oasisfm935.com.ar\/site\/wp-json\/wp\/v2\/types\/post"}],"author":[{"embeddable":true,"href":"https:\/\/oasisfm935.com.ar\/site\/wp-json\/wp\/v2\/users\/4"}],"replies":[{"embeddable":true,"href":"https:\/\/oasisfm935.com.ar\/site\/wp-json\/wp\/v2\/comments?post=1437"}],"version-history":[{"count":1,"href":"https:\/\/oasisfm935.com.ar\/site\/wp-json\/wp\/v2\/posts\/1437\/revisions"}],"predecessor-version":[{"id":1440,"href":"https:\/\/oasisfm935.com.ar\/site\/wp-json\/wp\/v2\/posts\/1437\/revisions\/1440"}],"wp:featuredmedia":[{"embeddable":true,"href":"https:\/\/oasisfm935.com.ar\/site\/wp-json\/wp\/v2\/media\/1439"}],"wp:attachment":[{"href":"https:\/\/oasisfm935.com.ar\/site\/wp-json\/wp\/v2\/media?parent=1437"}],"wp:term":[{"taxonomy":"category","embeddable":true,"href":"https:\/\/oasisfm935.com.ar\/site\/wp-json\/wp\/v2\/categories?post=1437"},{"taxonomy":"post_tag","embeddable":true,"href":"https:\/\/oasisfm935.com.ar\/site\/wp-json\/wp\/v2\/tags?post=1437"}],"curies":[{"name":"wp","href":"https:\/\/api.w.org\/{rel}","templated":true}]}}