{"id":1441,"date":"2019-04-11T10:06:15","date_gmt":"2019-04-11T13:06:15","guid":{"rendered":"http:\/\/oasisfm935.com\/site\/?p=1441"},"modified":"2019-04-11T10:06:44","modified_gmt":"2019-04-11T13:06:44","slug":"rauschenberger-le-dijo-a-pena-que-falto-a-la-verdad-no-vemos-las-obras-que-usted-dice","status":"publish","type":"post","link":"https:\/\/oasisfm935.com.ar\/site\/rauschenberger-le-dijo-a-pena-que-falto-a-la-verdad-no-vemos-las-obras-que-usted-dice\/","title":{"rendered":"Rauschenberger le dijo a Pe\u00f1a que falt\u00f3 a la verdad: \u201cNo vemos las obras que usted dice\u201d"},"content":{"rendered":"<p>El diputado nacional\u00a0<strong>Ariel Rauschenberger<\/strong>\u00a0(PJ La Pampa)\u00a0<strong>no us\u00f3 el t\u00e9rmino \u201cmentiroso\u201d<\/strong>, pero este mi\u00e9rcoles<strong>\u00a0le dijo al jefe de Gabinete de la Naci\u00f3n, Marcos Pe\u00f1a, que falt\u00f3 a la verdad<\/strong>\u00a0en<a href=\"http:\/\/diariotextual.com\/inicio\/index.php\/2019\/04\/10\/verso-pena-la-pampa-estamos-55-obras-5-mil-millones\/\" target=\"_blank\" rel=\"noopener noreferrer\"><strong>\u00a0su exposici\u00f3n en la C\u00e1mara de Diputados<\/strong>\u00a0<\/a>cuando ssotuvo que Casa Rosada tiene en ejecuci\u00f3n 55 obras por 5 mil millones de pesos en nuestra provincia.\u00a0<strong>\u201cHaremos el pedido de informe porque las obras no las estamos viendo\u2026\u201d,<\/strong>\u00a0lo cruz\u00f3. \u201cNo vemos las obras que usted dice\u201d.<\/p>\n<div class=\"oasis-despues-del-contenido\" id=\"oasis-3369260349\"><img loading=\"lazy\" decoding=\"async\" src=\"https:\/\/oasisfm935.com.ar\/site\/wp-content\/uploads\/2020\/08\/47806202-8741-49f2-a5c9-d2f930e5baa1.jpg\" alt=\"\"  srcset=\"https:\/\/oasisfm935.com.ar\/site\/wp-content\/uploads\/2020\/08\/47806202-8741-49f2-a5c9-d2f930e5baa1.jpg 1080w, https:\/\/oasisfm935.com.ar\/site\/wp-content\/uploads\/2020\/08\/47806202-8741-49f2-a5c9-d2f930e5baa1-300x300.jpg 300w, https:\/\/oasisfm935.com.ar\/site\/wp-content\/uploads\/2020\/08\/47806202-8741-49f2-a5c9-d2f930e5baa1-1024x1024.jpg 1024w, https:\/\/oasisfm935.com.ar\/site\/wp-content\/uploads\/2020\/08\/47806202-8741-49f2-a5c9-d2f930e5baa1-150x150.jpg 150w, https:\/\/oasisfm935.com.ar\/site\/wp-content\/uploads\/2020\/08\/47806202-8741-49f2-a5c9-d2f930e5baa1-768x768.jpg 768w\" sizes=\"(max-width: 1080px) 100vw, 1080px\" class=\"no-lazyload\" width=\"1080\" height=\"1080\"  style=\"display: inline-block;\" \/><\/div>","protected":false},"excerpt":{"rendered":"<p>El diputado nacional\u00a0Ariel Rauschenberger\u00a0(PJ La Pampa)\u00a0no us\u00f3 el t\u00e9rmino \u201cmentiroso\u201d, pero este mi\u00e9rcoles\u00a0le dijo al jefe de Gabinete de la Naci\u00f3n, Marcos<\/p>\n","protected":false},"author":4,"featured_media":1442,"comment_status":"closed","ping_status":"open","sticky":false,"template":"","format":"standard","meta":{"colormag_page_layout":"default_layout","footnotes":""},"categories":[2],"tags":[],"class_list":["post-1441","post","type-post","status-publish","format-standard","has-post-thumbnail","hentry","category-noticias"],"_links":{"self":[{"href":"https:\/\/oasisfm935.com.ar\/site\/wp-json\/wp\/v2\/posts\/1441","targetHints":{"allow":["GET"]}}],"collection":[{"href":"https:\/\/oasisfm935.com.ar\/site\/wp-json\/wp\/v2\/posts"}],"about":[{"href":"https:\/\/oasisfm935.com.ar\/site\/wp-json\/wp\/v2\/types\/post"}],"author":[{"embeddable":true,"href":"https:\/\/oasisfm935.com.ar\/site\/wp-json\/wp\/v2\/users\/4"}],"replies":[{"embeddable":true,"href":"https:\/\/oasisfm935.com.ar\/site\/wp-json\/wp\/v2\/comments?post=1441"}],"version-history":[{"count":1,"href":"https:\/\/oasisfm935.com.ar\/site\/wp-json\/wp\/v2\/posts\/1441\/revisions"}],"predecessor-version":[{"id":1443,"href":"https:\/\/oasisfm935.com.ar\/site\/wp-json\/wp\/v2\/posts\/1441\/revisions\/1443"}],"wp:featuredmedia":[{"embeddable":true,"href":"https:\/\/oasisfm935.com.ar\/site\/wp-json\/wp\/v2\/media\/1442"}],"wp:attachment":[{"href":"https:\/\/oasisfm935.com.ar\/site\/wp-json\/wp\/v2\/media?parent=1441"}],"wp:term":[{"taxonomy":"category","embeddable":true,"href":"https:\/\/oasisfm935.com.ar\/site\/wp-json\/wp\/v2\/categories?post=1441"},{"taxonomy":"post_tag","embeddable":true,"href":"https:\/\/oasisfm935.com.ar\/site\/wp-json\/wp\/v2\/tags?post=1441"}],"curies":[{"name":"wp","href":"https:\/\/api.w.org\/{rel}","templated":true}]}}